{"id":156751,"date":"2026-01-02T08:53:26","date_gmt":"2026-01-02T11:53:26","guid":{"rendered":"https:\/\/vinasfm.com\/noticias\/?p=156751"},"modified":"2026-01-03T10:34:27","modified_gmt":"2026-01-03T13:34:27","slug":"homicidio-un-hombre-murio-tras-ser-incendiado","status":"publish","type":"post","link":"https:\/\/vinasfm.com\/noticias\/homicidio-un-hombre-murio-tras-ser-incendiado\/","title":{"rendered":"HOMICIDIO: UN HOMBRE MURI\u00d3 TRAS SER INCENDIADO"},"content":{"rendered":"<h4><strong>Un hombre de 41 a\u00f1os identificado como Ernesto Adian Massa perdi\u00f3 la vida tras un incendio registrado en la cochera de una vivienda en desuso.<\/strong><\/h4>\n<p>Seg\u00fan informaci\u00f3n oficial, a trav\u00e9s de un llamado a la l\u00ednea de emergencias 911 se alert\u00f3 sobre la presencia de una persona prendida fuego en una propiedad ubicada en la intersecci\u00f3n de calles Prolongaci\u00f3n Santa Fe y Maip\u00fa, jurisdicci\u00f3n de la Comisar\u00eda 14\u00b0.<\/p>\n<p>Al arribar al lugar, personal policial solicit\u00f3 la intervenci\u00f3n de Bomberos, quienes lograron sofocar r\u00e1pidamente el siniestro. Posteriormente, profesionales del Servicio de Emergencias Coordinado (SEC) constataron el fallecimiento del hombre, quien se encontraba en situaci\u00f3n de calle.<\/p>\n<p>En el lugar trabaj\u00f3 el ayudante fiscal en turno, quien dispuso la intervenci\u00f3n de Polic\u00eda Cient\u00edfica y la realizaci\u00f3n de las pericias correspondientes por parte de Bomberos. Asimismo, se procedi\u00f3 a la aprehensi\u00f3n de tres personas, quienes fueron trasladadas a sede judicial en averiguaci\u00f3n de los hechos.<\/p>\n<p>Las actuaciones quedaron a cargo de la Oficina Fiscal de General Alvear, que investiga las circunstancias en las que ocurri\u00f3 el hecho.<\/p>\n","protected":false},"excerpt":{"rendered":"<p>Un hombre de 41 a\u00f1os identificado como Ernesto Adian Massa perdi\u00f3 la vida tras un incendio registrado en la cochera de &#8230;<\/p>\n","protected":false},"author":7,"featured_media":156756,"comment_status":"open","ping_status":"open","sticky":false,"template":"","format":"standard","meta":{"footnotes":""},"categories":[5,4],"tags":[],"class_list":["post-156751","post","type-post","status-publish","format-standard","has-post-thumbnail","hentry","category-actualidad","category-policiales"],"_links":{"self":[{"href":"https:\/\/vinasfm.com\/noticias\/wp-json\/wp\/v2\/posts\/156751","targetHints":{"allow":["GET"]}}],"collection":[{"href":"https:\/\/vinasfm.com\/noticias\/wp-json\/wp\/v2\/posts"}],"about":[{"href":"https:\/\/vinasfm.com\/noticias\/wp-json\/wp\/v2\/types\/post"}],"author":[{"embeddable":true,"href":"https:\/\/vinasfm.com\/noticias\/wp-json\/wp\/v2\/users\/7"}],"replies":[{"embeddable":true,"href":"https:\/\/vinasfm.com\/noticias\/wp-json\/wp\/v2\/comments?post=156751"}],"version-history":[{"count":2,"href":"https:\/\/vinasfm.com\/noticias\/wp-json\/wp\/v2\/posts\/156751\/revisions"}],"predecessor-version":[{"id":156759,"href":"https:\/\/vinasfm.com\/noticias\/wp-json\/wp\/v2\/posts\/156751\/revisions\/156759"}],"wp:featuredmedia":[{"embeddable":true,"href":"https:\/\/vinasfm.com\/noticias\/wp-json\/wp\/v2\/media\/156756"}],"wp:attachment":[{"href":"https:\/\/vinasfm.com\/noticias\/wp-json\/wp\/v2\/media?parent=156751"}],"wp:term":[{"taxonomy":"category","embeddable":true,"href":"https:\/\/vinasfm.com\/noticias\/wp-json\/wp\/v2\/categories?post=156751"},{"taxonomy":"post_tag","embeddable":true,"href":"https:\/\/vinasfm.com\/noticias\/wp-json\/wp\/v2\/tags?post=156751"}],"curies":[{"name":"wp","href":"https:\/\/api.w.org\/{rel}","templated":true}]}}