{"id":156732,"date":"2025-12-31T09:51:53","date_gmt":"2025-12-31T12:51:53","guid":{"rendered":"https:\/\/vinasfm.com\/noticias\/?p=156732"},"modified":"2025-12-31T09:51:53","modified_gmt":"2025-12-31T12:51:53","slug":"alejandra-torti-destaco-el-consenso-politico-y-el-cierre-del-ano-legislativo-en-general-alvear","status":"publish","type":"post","link":"https:\/\/vinasfm.com\/noticias\/alejandra-torti-destaco-el-consenso-politico-y-el-cierre-del-ano-legislativo-en-general-alvear\/","title":{"rendered":"ALEJANDRA TORTI DESTAC\u00d3 EL CONSENSO POL\u00cdTICO Y EL CIERRE DEL A\u00d1O LEGISLATIVO EN GENERAL ALVEAR"},"content":{"rendered":"<h4><strong>El Honorable Concejo Deliberante de General Alvear cerr\u00f3 el a\u00f1o legislativo con la aprobaci\u00f3n de la Tarifaria y el Presupuesto 2026, en un contexto que fue calificado como complejo desde lo pol\u00edtico, pero marcado por la b\u00fasqueda constante de consensos para dotar al Municipio de las herramientas necesarias para su funcionamiento.<\/strong><\/h4>\n<p>En este contexto la <strong><span style=\"color: #993366;\">Presidente del Honorable Concejo Deliberante<\/span><\/strong>, <strong><span style=\"color: #333399;\">Alejandra Torti<\/span><\/strong>, realiz\u00f3 un balance del 2025:<em><strong> &#8216;durante el a\u00f1o, el cuerpo deliberativo logr\u00f3 aprobar un total de 220 ordenanzas y resoluciones, muchas de ellas vinculadas directamente a mejorar los servicios que el Municipio brinda a los vecinos, as\u00ed como a impulsar pol\u00edticas p\u00fablicas de mayor alcance&#8217;<\/strong><\/em>.<\/p>\n<p><em><strong>&#8216;Entre los avances destacados se encuentran las ordenanzas sobre h\u00e1bitat, consideradas pioneras en el departamento, que permiten a los vecinos acceder a la vivienda propia mediante esquemas de urbanizaci\u00f3n con pagos en cuotas, facilitando el acceso y reduciendo las dificultades econ\u00f3micas iniciales&#8217;<\/strong><\/em>.<\/p>\n<p>En relaci\u00f3n al recambio institucional, se destac\u00f3 que 2025 fue tambi\u00e9n un a\u00f1o de transici\u00f3n, con renovaci\u00f3n de concejales y con la pr\u00f3xima definici\u00f3n de las autoridades del Concejo Deliberante.<\/p>\n<p>Las autoridades se renuevan a fines de febrero, mientras que los nuevos ediles asumen a fines de abril, por lo que se prev\u00e9 que en las pr\u00f3ximas semanas se inicien conversaciones para alcanzar los consensos necesarios en beneficio de la instituci\u00f3n.<\/p>\n","protected":false},"excerpt":{"rendered":"<p>El Honorable Concejo Deliberante de General Alvear cerr\u00f3 el a\u00f1o legislativo con la aprobaci\u00f3n de la Tarifaria y el Presupuesto 2026, &#8230;<\/p>\n","protected":false},"author":7,"featured_media":156733,"comment_status":"open","ping_status":"open","sticky":false,"template":"","format":"standard","meta":{"footnotes":""},"categories":[1],"tags":[],"class_list":["post-156732","post","type-post","status-publish","format-standard","has-post-thumbnail","hentry","category-fmvinas"],"_links":{"self":[{"href":"https:\/\/vinasfm.com\/noticias\/wp-json\/wp\/v2\/posts\/156732","targetHints":{"allow":["GET"]}}],"collection":[{"href":"https:\/\/vinasfm.com\/noticias\/wp-json\/wp\/v2\/posts"}],"about":[{"href":"https:\/\/vinasfm.com\/noticias\/wp-json\/wp\/v2\/types\/post"}],"author":[{"embeddable":true,"href":"https:\/\/vinasfm.com\/noticias\/wp-json\/wp\/v2\/users\/7"}],"replies":[{"embeddable":true,"href":"https:\/\/vinasfm.com\/noticias\/wp-json\/wp\/v2\/comments?post=156732"}],"version-history":[{"count":1,"href":"https:\/\/vinasfm.com\/noticias\/wp-json\/wp\/v2\/posts\/156732\/revisions"}],"predecessor-version":[{"id":156734,"href":"https:\/\/vinasfm.com\/noticias\/wp-json\/wp\/v2\/posts\/156732\/revisions\/156734"}],"wp:featuredmedia":[{"embeddable":true,"href":"https:\/\/vinasfm.com\/noticias\/wp-json\/wp\/v2\/media\/156733"}],"wp:attachment":[{"href":"https:\/\/vinasfm.com\/noticias\/wp-json\/wp\/v2\/media?parent=156732"}],"wp:term":[{"taxonomy":"category","embeddable":true,"href":"https:\/\/vinasfm.com\/noticias\/wp-json\/wp\/v2\/categories?post=156732"},{"taxonomy":"post_tag","embeddable":true,"href":"https:\/\/vinasfm.com\/noticias\/wp-json\/wp\/v2\/tags?post=156732"}],"curies":[{"name":"wp","href":"https:\/\/api.w.org\/{rel}","templated":true}]}}