{"id":156716,"date":"2025-12-30T11:53:44","date_gmt":"2025-12-30T14:53:44","guid":{"rendered":"https:\/\/vinasfm.com\/noticias\/?p=156716"},"modified":"2025-12-31T10:14:43","modified_gmt":"2025-12-31T13:14:43","slug":"volco-un-vehiculo-en-la-ruta-provincial-202","status":"publish","type":"post","link":"https:\/\/vinasfm.com\/noticias\/volco-un-vehiculo-en-la-ruta-provincial-202\/","title":{"rendered":"VOLC\u00d3 UN VEH\u00cdCULO EN LA RUTA PROVINCIAL 202"},"content":{"rendered":"<h4><strong>Personal policial intervino en un siniestro vial ocurrido en la intersecci\u00f3n de la Ruta Provincial N\u00b0 202 y calle Casian, en jurisdicci\u00f3n de Jaime Prats.<\/strong><\/h4>\n<p>Por motivos que se tratan de establecer, un veh\u00edculo Renault Logan que circulaba por Ruta 202 en sentido este-oeste perdi\u00f3 el dominio, produci\u00e9ndose el vuelco del rodado sin la intervenci\u00f3n de terceros. El autom\u00f3vil qued\u00f3 apoyado sobre su costado izquierdo, hacia el lateral sur de la calzada.<\/p>\n<p>La conductora del veh\u00edculo, identificada como <strong>A.D.C. (42)<\/strong>, y su acompa\u00f1ante, <strong>L.B.Y. (65)<\/strong>, resultaron con lesiones leves. Ambas fueron asistidas en el lugar y trasladadas por personal del Servicio de Emergencias Coordinado (SEC) al Hospital Enfermeros Argentinos para su evaluaci\u00f3n m\u00e9dica.<\/p>\n<p>En el lugar trabaj\u00f3 personal de la Comisar\u00eda 26\u00aa, Polic\u00eda Vial Zona Sur y Polic\u00eda Cient\u00edfica, quienes realizaron las actuaciones correspondientes.<\/p>\n","protected":false},"excerpt":{"rendered":"<p>Personal policial intervino en un siniestro vial ocurrido en la intersecci\u00f3n de la Ruta Provincial N\u00b0 202 y calle Casian, en &#8230;<\/p>\n","protected":false},"author":7,"featured_media":156717,"comment_status":"open","ping_status":"open","sticky":false,"template":"","format":"standard","meta":{"footnotes":""},"categories":[5,4],"tags":[],"class_list":["post-156716","post","type-post","status-publish","format-standard","has-post-thumbnail","hentry","category-actualidad","category-policiales"],"_links":{"self":[{"href":"https:\/\/vinasfm.com\/noticias\/wp-json\/wp\/v2\/posts\/156716","targetHints":{"allow":["GET"]}}],"collection":[{"href":"https:\/\/vinasfm.com\/noticias\/wp-json\/wp\/v2\/posts"}],"about":[{"href":"https:\/\/vinasfm.com\/noticias\/wp-json\/wp\/v2\/types\/post"}],"author":[{"embeddable":true,"href":"https:\/\/vinasfm.com\/noticias\/wp-json\/wp\/v2\/users\/7"}],"replies":[{"embeddable":true,"href":"https:\/\/vinasfm.com\/noticias\/wp-json\/wp\/v2\/comments?post=156716"}],"version-history":[{"count":1,"href":"https:\/\/vinasfm.com\/noticias\/wp-json\/wp\/v2\/posts\/156716\/revisions"}],"predecessor-version":[{"id":156718,"href":"https:\/\/vinasfm.com\/noticias\/wp-json\/wp\/v2\/posts\/156716\/revisions\/156718"}],"wp:featuredmedia":[{"embeddable":true,"href":"https:\/\/vinasfm.com\/noticias\/wp-json\/wp\/v2\/media\/156717"}],"wp:attachment":[{"href":"https:\/\/vinasfm.com\/noticias\/wp-json\/wp\/v2\/media?parent=156716"}],"wp:term":[{"taxonomy":"category","embeddable":true,"href":"https:\/\/vinasfm.com\/noticias\/wp-json\/wp\/v2\/categories?post=156716"},{"taxonomy":"post_tag","embeddable":true,"href":"https:\/\/vinasfm.com\/noticias\/wp-json\/wp\/v2\/tags?post=156716"}],"curies":[{"name":"wp","href":"https:\/\/api.w.org\/{rel}","templated":true}]}}