{"id":156709,"date":"2025-12-30T11:18:55","date_gmt":"2025-12-30T14:18:55","guid":{"rendered":"https:\/\/vinasfm.com\/noticias\/?p=156709"},"modified":"2025-12-31T10:38:37","modified_gmt":"2025-12-31T13:38:37","slug":"habra-cambios-en-el-cobro-del-cargo-po-alumbrado-publico-desde-el-1-de-enero-que-dispuso-el-epre","status":"publish","type":"post","link":"https:\/\/vinasfm.com\/noticias\/habra-cambios-en-el-cobro-del-cargo-po-alumbrado-publico-desde-el-1-de-enero-que-dispuso-el-epre\/","title":{"rendered":"HABR\u00c1 CAMBIOS EN EL COBRO DEL CARGO POR ALUMBRADO P\u00daBLICO DESDE EL 1 DE ENERO: QU\u00c9 DISPUSO EL EPRE"},"content":{"rendered":"<h4><strong>La Ley de Presupuesto 2026 elimin\u00f3 el sistema solidario de compensaci\u00f3n para cubrir desfasajes en el cobro del cargo. Ahora cada uno de los municipios deber\u00e1 determinarlo.<\/strong><\/h4>\n<p>Desde el 1 de enero de 2026 se aplicar\u00e1 una suba del cargo por alumbrado p\u00fablico que se cobra a usuarios de electricidad en 12 municipios de Mendoza. Pero adem\u00e1s, el EPRE(Ente Provincial Regulador El\u00e9ctrico) defini\u00f3 varios cambios en el sistema.<\/p>\n<p>Los cargos por el servicio de alumbrado se aplican desde 2020 en <strong>General Alvear, Malarg\u00fce, Rivadavia, Santa Rosa, Jun\u00edn, La Paz, Lavalle, Luj\u00e1n, Maip\u00fa, San Carlos, San Mart\u00edn y Tupungato<\/strong>. Tambi\u00e9n rige un \u00absistema solidario de compensaci\u00f3n\u00bb.<\/p>\n<p>Desde entonces, por decisi\u00f3n de la Secretar\u00eda de Servicios P\u00fablicos esos cargos por el alumbrado se incluyen en las facturas que las distribuidoras el\u00e9ctricas reparten entre sus clientes de esas comunas que integran el sistema solidario.<\/p>\n<p>Ahora, la nueva grilla fij\u00f3 nuevos valores que para los usuarios residenciales van desde los $5.100\/mes (R-1) hasta $23.800, en el caso de un R-3. Y entre $4.900 y $8.600 para la tarifa que pagan los productores por riego agr\u00edcola, seg\u00fan la comuna.<\/p>\n<p>Pero adem\u00e1s se vienen cambios por la Ley de Presupuesto provincial 2026: desde el 1 de enero ser\u00e1n los municipios los que fijen los cargos, y adem\u00e1s deja de existir el sistema solidario que compensa los desfasajes entre costos y recaudaci\u00f3n.<\/p>\n<p><strong>C\u00f3mo se determinar\u00e1 la suba del cargo por alumbrado<\/strong><\/p>\n<p>\u00abLos municipios deber\u00e1n contar con una grilla de cargos sustentable. Si la recaudaci\u00f3n es inferior a los costos quedar\u00e1n en una situaci\u00f3n de vulnerabilidad operativa que el sistema solidario mitigaba por compensaci\u00f3n entre jurisdicciones\u00bb, dice el EPRE en la resoluci\u00f3n 323 firmada por su presidenta, Andrea Salinas.<\/p>\n<p>Asimismo, hasta que entre en vigencia el nuevo esquema, el EPRE fij\u00f3 un est\u00e1ndar del 9% sobre la recaudaci\u00f3n, como \u00abvalor de eficiencia t\u00e9cnica\u00bb para que los municipios inicien la nueva etapa sin desequilibrios.<\/p>\n<p>La suba del cargo de alumbrado depende del aumento del costo de abastecimiento (CA) de energ\u00eda, que decide el gobierno nacional. Y tambi\u00e9n del VAD (Valor Agregado de Distribuci\u00f3n), que determina cu\u00e1nto cobran las distribuidoras en Mendoza.<\/p>\n<p>Como parte del cambio dispuesto, los municipios deber\u00e1n firmar convenios con las mismas distribuidoras para que act\u00faen como agentes de cobro y recaudaci\u00f3n del \u00edtem.<\/p>\n<p><strong>Los estudios del EPRE<\/strong><\/p>\n<p>De esa forma, el EPRE puede actualizar los valores de los cargos y permitir trasladarlos a las facturas \u00aben la proporci\u00f3n que correspondiese a los par\u00e1metros base (grilla) para la determinaci\u00f3n de la compensaci\u00f3n de alumbrado p\u00fablico.<\/p>\n<p>Esta vez, la suba se debe a las variaciones de ambos \u00edtems (CA y VAD) registrados desde el 1 de noviembre pasado.<\/p>\n<p>Ahora, para habilitar el nuevo sistema desde el 1 de enero, la Gerencia T\u00e9cnica del EPRE analiza el cuadro de situaci\u00f3n de los 12 departamentos hasta el 31 de diciembre de 2025.<\/p>\n<p>Esto, seg\u00fan se explic\u00f3, implica evaluar el Sistema Solidario de Compensaci\u00f3n en consumo, facturaci\u00f3n de alumbrado p\u00fablico y lo recaudado por cada comuna.<\/p>\n<p>El objetivo es, en base a esos estudios, proponer los cargos de alumbrado p\u00fablico que deber\u00eda a cobrar cada departamento \u00abde manera tal que cubran la facturaci\u00f3n y el mantenimiento reconocido de manera aut\u00f3noma\u00bb.<\/p>\n<h6><span style=\"color: #3366ff;\">Fuente: Diario Uno<\/span><\/h6>\n","protected":false},"excerpt":{"rendered":"<p>La Ley de Presupuesto 2026 elimin\u00f3 el sistema solidario de compensaci\u00f3n para cubrir desfasajes en el cobro del cargo. Ahora cada &#8230;<\/p>\n","protected":false},"author":7,"featured_media":156710,"comment_status":"open","ping_status":"open","sticky":false,"template":"","format":"standard","meta":{"footnotes":""},"categories":[5,10],"tags":[],"class_list":["post-156709","post","type-post","status-publish","format-standard","has-post-thumbnail","hentry","category-actualidad","category-destacadas"],"_links":{"self":[{"href":"https:\/\/vinasfm.com\/noticias\/wp-json\/wp\/v2\/posts\/156709","targetHints":{"allow":["GET"]}}],"collection":[{"href":"https:\/\/vinasfm.com\/noticias\/wp-json\/wp\/v2\/posts"}],"about":[{"href":"https:\/\/vinasfm.com\/noticias\/wp-json\/wp\/v2\/types\/post"}],"author":[{"embeddable":true,"href":"https:\/\/vinasfm.com\/noticias\/wp-json\/wp\/v2\/users\/7"}],"replies":[{"embeddable":true,"href":"https:\/\/vinasfm.com\/noticias\/wp-json\/wp\/v2\/comments?post=156709"}],"version-history":[{"count":2,"href":"https:\/\/vinasfm.com\/noticias\/wp-json\/wp\/v2\/posts\/156709\/revisions"}],"predecessor-version":[{"id":156742,"href":"https:\/\/vinasfm.com\/noticias\/wp-json\/wp\/v2\/posts\/156709\/revisions\/156742"}],"wp:featuredmedia":[{"embeddable":true,"href":"https:\/\/vinasfm.com\/noticias\/wp-json\/wp\/v2\/media\/156710"}],"wp:attachment":[{"href":"https:\/\/vinasfm.com\/noticias\/wp-json\/wp\/v2\/media?parent=156709"}],"wp:term":[{"taxonomy":"category","embeddable":true,"href":"https:\/\/vinasfm.com\/noticias\/wp-json\/wp\/v2\/categories?post=156709"},{"taxonomy":"post_tag","embeddable":true,"href":"https:\/\/vinasfm.com\/noticias\/wp-json\/wp\/v2\/tags?post=156709"}],"curies":[{"name":"wp","href":"https:\/\/api.w.org\/{rel}","templated":true}]}}