{"id":156621,"date":"2025-12-25T10:41:05","date_gmt":"2025-12-25T13:41:05","guid":{"rendered":"https:\/\/vinasfm.com\/noticias\/?p=156621"},"modified":"2025-12-26T10:51:25","modified_gmt":"2025-12-26T13:51:25","slug":"un-incendio-de-campo-al-sur-de-general-alvear-afecto-unas-300-hectareas","status":"publish","type":"post","link":"https:\/\/vinasfm.com\/noticias\/un-incendio-de-campo-al-sur-de-general-alvear-afecto-unas-300-hectareas\/","title":{"rendered":"UN INCENDIO DE CAMPO AL SUR DE GENERAL ALVEAR AFECT\u00d3 UNAS 300 HECT\u00c1REAS"},"content":{"rendered":"<h4><span style=\"color: #003300;\"><strong>El foco \u00edgneo es denominado\u00a0se inici\u00f3 durante la jornada del mi\u00e9rcoles 24 de diciembre. en una zona rural de General Alvear, a la altura de la Ruta Nacional 143 sur, a unos 25 kil\u00f3metros al sur de San Pedro del Atuel.<\/strong><\/span><\/h4>\n<p>Seg\u00fan el informe brindado por <span style=\"color: #003366;\"><strong>Diego Mart\u00ed<\/strong><\/span>, del <em>Plan Provincial de Manejo del Fuego<\/em><strong> (PPMF)<\/strong>, personal especializado trabaj\u00f3 en el lugar desde las <strong>8:00 horas de este jueves 25\/12<\/strong>, aunque las tareas se vieron seriamente dificultadas debido a que el fuego avanza por <strong>zonas inaccesibles<\/strong>, principalmente a trav\u00e9s de <strong>sistemas de desag\u00fces naturales<\/strong>.<\/p>\n<p>El incendio afect\u00f3 una superficie estimada de <strong>300 hect\u00e1reas<\/strong>. El avance del fuego se produjo hacia el sur siguiendo el cauce del desag\u00fce, lo que complic\u00f3 el ataque directo sobre la cabeza del incendio. Por este motivo, las brigadas evaluaron <strong>esperar a que el frente llegue a un \u00e1rea m\u00e1s despejada (\u201cpeladero\u201d)<\/strong> para intentar un combate m\u00e1s efectivo.<\/p>\n<p>El <strong>objetivo principal<\/strong> de los equipos fue <strong>evitar que el fuego cruce la Ruta Provincial 190 hacia el sur<\/strong>, lo que podr\u00eda agravar a\u00fan m\u00e1s la situaci\u00f3n.<\/p>\n<p>Desde el Plan Provincial de Manejo del Fuego se mantiene el monitoreo permanente del siniestro y contin\u00faan las tareas de contenci\u00f3n, en un operativo que se extiende desde las primeras horas de la ma\u00f1ana y que depende en gran medida de la accesibilidad del terreno y de las condiciones ambientales.<\/p>\n","protected":false},"excerpt":{"rendered":"<p>El foco \u00edgneo es denominado\u00a0se inici\u00f3 durante la jornada del mi\u00e9rcoles 24 de diciembre. en una zona rural de General Alvear, &#8230;<\/p>\n","protected":false},"author":7,"featured_media":156623,"comment_status":"open","ping_status":"open","sticky":false,"template":"","format":"standard","meta":{"footnotes":""},"categories":[1],"tags":[],"class_list":["post-156621","post","type-post","status-publish","format-standard","has-post-thumbnail","hentry","category-fmvinas"],"_links":{"self":[{"href":"https:\/\/vinasfm.com\/noticias\/wp-json\/wp\/v2\/posts\/156621","targetHints":{"allow":["GET"]}}],"collection":[{"href":"https:\/\/vinasfm.com\/noticias\/wp-json\/wp\/v2\/posts"}],"about":[{"href":"https:\/\/vinasfm.com\/noticias\/wp-json\/wp\/v2\/types\/post"}],"author":[{"embeddable":true,"href":"https:\/\/vinasfm.com\/noticias\/wp-json\/wp\/v2\/users\/7"}],"replies":[{"embeddable":true,"href":"https:\/\/vinasfm.com\/noticias\/wp-json\/wp\/v2\/comments?post=156621"}],"version-history":[{"count":2,"href":"https:\/\/vinasfm.com\/noticias\/wp-json\/wp\/v2\/posts\/156621\/revisions"}],"predecessor-version":[{"id":156629,"href":"https:\/\/vinasfm.com\/noticias\/wp-json\/wp\/v2\/posts\/156621\/revisions\/156629"}],"wp:featuredmedia":[{"embeddable":true,"href":"https:\/\/vinasfm.com\/noticias\/wp-json\/wp\/v2\/media\/156623"}],"wp:attachment":[{"href":"https:\/\/vinasfm.com\/noticias\/wp-json\/wp\/v2\/media?parent=156621"}],"wp:term":[{"taxonomy":"category","embeddable":true,"href":"https:\/\/vinasfm.com\/noticias\/wp-json\/wp\/v2\/categories?post=156621"},{"taxonomy":"post_tag","embeddable":true,"href":"https:\/\/vinasfm.com\/noticias\/wp-json\/wp\/v2\/tags?post=156621"}],"curies":[{"name":"wp","href":"https:\/\/api.w.org\/{rel}","templated":true}]}}