{"id":156574,"date":"2025-12-23T16:49:05","date_gmt":"2025-12-23T19:49:05","guid":{"rendered":"https:\/\/vinasfm.com\/noticias\/?p=156574"},"modified":"2025-12-24T10:01:25","modified_gmt":"2025-12-24T13:01:25","slug":"papa-noel-visito-la-colonia-del-polideportivo-y-compartio-una-jornada-con-los-ninos","status":"publish","type":"post","link":"https:\/\/vinasfm.com\/noticias\/papa-noel-visito-la-colonia-del-polideportivo-y-compartio-una-jornada-con-los-ninos\/","title":{"rendered":"PAP\u00c1 NOEL VISIT\u00d3 LA COLONIA DEL POLIDEPORTIVO Y COMPARTI\u00d3 UNA JORNADA CON LOS NI\u00d1OS"},"content":{"rendered":"<h4><span style=\"color: #003300;\"><strong>Pap\u00e1 Noel visit\u00f3 la colonia de verano que se desarrolla en el Polideportivo Municipal y comparti\u00f3 una jornada con cientos de ni\u00f1os que asisten diariamente a las actividades organizadas por la Municipalidad de General Alvear.<\/strong><\/span><\/h4>\n<p>La propuesta reuni\u00f3 a ni\u00f1os y ni\u00f1as de la ciudad y de los distritos, en una actividad especial en el marco de la temporada estival, generando un momento de encuentro y participaci\u00f3n para las familias.<\/p>\n<p>Al respecto, el <em>director de Deportes<\/em>, <span style=\"color: #003366;\"><strong>Alberto G\u00f3mez<\/strong><\/span>, se\u00f1al\u00f3:<em><strong> \u201cfue una jornada muy emotiva. Hoy Pap\u00e1 Noel nos visit\u00f3 y los ni\u00f1os lo estaban esperando, as\u00ed que todos muy contentos\u201d<\/strong><\/em>. Adem\u00e1s, brind\u00f3 detalles sobre la cantidad de asistentes:<strong><em> \u201cactualmente tenemos alrededor de 800 ni\u00f1os en la colonia de Ciudad y estamos llegando a los 950 sumando Carmensa y Bowen. Con el inicio de los centros recreativos en enero, estimamos que el n\u00famero podr\u00eda superar los 1.200 chicos\u201d.<\/em><\/strong><\/p>\n<p><a href=\"https:\/\/vinasfm.com\/noticias\/wp-content\/uploads\/2025\/12\/IMG-20251223-WA0068.jpg\"><img loading=\"lazy\" decoding=\"async\" class=\"wp-image-156578 aligncenter\" src=\"https:\/\/vinasfm.com\/noticias\/wp-content\/uploads\/2025\/12\/IMG-20251223-WA0068-1024x576.jpg\" alt=\"\" width=\"560\" height=\"315\" srcset=\"https:\/\/vinasfm.com\/noticias\/wp-content\/uploads\/2025\/12\/IMG-20251223-WA0068-1024x576.jpg 1024w, https:\/\/vinasfm.com\/noticias\/wp-content\/uploads\/2025\/12\/IMG-20251223-WA0068-300x169.jpg 300w, https:\/\/vinasfm.com\/noticias\/wp-content\/uploads\/2025\/12\/IMG-20251223-WA0068-768x432.jpg 768w, https:\/\/vinasfm.com\/noticias\/wp-content\/uploads\/2025\/12\/IMG-20251223-WA0068-1536x864.jpg 1536w, https:\/\/vinasfm.com\/noticias\/wp-content\/uploads\/2025\/12\/IMG-20251223-WA0068-750x420.jpg 750w, https:\/\/vinasfm.com\/noticias\/wp-content\/uploads\/2025\/12\/IMG-20251223-WA0068-1140x641.jpg 1140w, https:\/\/vinasfm.com\/noticias\/wp-content\/uploads\/2025\/12\/IMG-20251223-WA0068.jpg 1600w\" sizes=\"auto, (max-width: 560px) 100vw, 560px\" \/><\/a><\/p>\n<p>G\u00f3mez explic\u00f3 que los centros recreativos comenzar\u00e1n a funcionar el 5 de enero y tienen como objetivo acercar propuestas deportivas y recreativas a sectores alejados del casco urbano. <em><strong>\u201cAdem\u00e1s de la colonia de Ciudad, Bowen y Carmensa, contamos con centros en Andes, Alvear Oeste, sobre calle 9, y en El Desv\u00edo\u201d<\/strong><\/em>, detall\u00f3.<\/p>\n<p>En relaci\u00f3n al uso del natatorio, el funcionario indic\u00f3 que contin\u00faa siendo muy concurrido durante las tardes. <em><strong>\u201cEl horario habitual es de 14 a 20 horas, tanto en Ciudad como en Bowen. Los d\u00edas 24 y 31 habr\u00e1 un horario reducido, de 14 a 18, mientras que el 25 y el 1\u00b0 no funcionar\u00e1\u201d<\/strong><\/em>, precis\u00f3.<\/p>\n<p>Finalmente, G\u00f3mez destac\u00f3 el funcionamiento general del Polideportivo: <em><strong>\u201chay mucha concurrencia por la tarde, todas las actividades est\u00e1n controladas y cuentan con medidas de seguridad, por lo que el Poli es una buena opci\u00f3n para venir y disfrutar\u201d.<\/strong><\/em><\/p>\n","protected":false},"excerpt":{"rendered":"<p>Pap\u00e1 Noel visit\u00f3 la colonia de verano que se desarrolla en el Polideportivo Municipal y comparti\u00f3 una jornada con cientos de &#8230;<\/p>\n","protected":false},"author":7,"featured_media":156577,"comment_status":"open","ping_status":"open","sticky":false,"template":"","format":"standard","meta":{"footnotes":""},"categories":[19,3],"tags":[],"class_list":["post-156574","post","type-post","status-publish","format-standard","has-post-thumbnail","hentry","category-cultura","category-deportes"],"_links":{"self":[{"href":"https:\/\/vinasfm.com\/noticias\/wp-json\/wp\/v2\/posts\/156574","targetHints":{"allow":["GET"]}}],"collection":[{"href":"https:\/\/vinasfm.com\/noticias\/wp-json\/wp\/v2\/posts"}],"about":[{"href":"https:\/\/vinasfm.com\/noticias\/wp-json\/wp\/v2\/types\/post"}],"author":[{"embeddable":true,"href":"https:\/\/vinasfm.com\/noticias\/wp-json\/wp\/v2\/users\/7"}],"replies":[{"embeddable":true,"href":"https:\/\/vinasfm.com\/noticias\/wp-json\/wp\/v2\/comments?post=156574"}],"version-history":[{"count":2,"href":"https:\/\/vinasfm.com\/noticias\/wp-json\/wp\/v2\/posts\/156574\/revisions"}],"predecessor-version":[{"id":156579,"href":"https:\/\/vinasfm.com\/noticias\/wp-json\/wp\/v2\/posts\/156574\/revisions\/156579"}],"wp:featuredmedia":[{"embeddable":true,"href":"https:\/\/vinasfm.com\/noticias\/wp-json\/wp\/v2\/media\/156577"}],"wp:attachment":[{"href":"https:\/\/vinasfm.com\/noticias\/wp-json\/wp\/v2\/media?parent=156574"}],"wp:term":[{"taxonomy":"category","embeddable":true,"href":"https:\/\/vinasfm.com\/noticias\/wp-json\/wp\/v2\/categories?post=156574"},{"taxonomy":"post_tag","embeddable":true,"href":"https:\/\/vinasfm.com\/noticias\/wp-json\/wp\/v2\/tags?post=156574"}],"curies":[{"name":"wp","href":"https:\/\/api.w.org\/{rel}","templated":true}]}}