{"id":156563,"date":"2025-12-24T09:03:28","date_gmt":"2025-12-24T12:03:28","guid":{"rendered":"https:\/\/vinasfm.com\/noticias\/?p=156563"},"modified":"2025-12-26T09:32:30","modified_gmt":"2025-12-26T12:32:30","slug":"papa-noel-llego-desde-el-cielo-y-emociono-a-grandes-y-chicos-en-la-plaza-principal","status":"publish","type":"post","link":"https:\/\/vinasfm.com\/noticias\/papa-noel-llego-desde-el-cielo-y-emociono-a-grandes-y-chicos-en-la-plaza-principal\/","title":{"rendered":"PAP\u00c1 NOEL LLEG\u00d3 DESDE EL CIELO Y EMOCION\u00d3 A GRANDES Y CHICOS EN LA PLAZA PRINCIPAL"},"content":{"rendered":"<h4><strong>La plaza Carlos Mar\u00eda de Alvear fue este martes por la noche el punto de encuentro de cientos de familias que se acercaron a compartir una previa de Navidad distinta, marcada por la sorpresa, la emoci\u00f3n y el esp\u00edritu propio de estas fechas.<\/strong><\/h4>\n<p>En el marco de una propuesta organizada por la Municipalidad de General Alvear, Pap\u00e1 Noel lleg\u00f3 \u201cdesde el cielo\u201d ante la atenta mirada de ni\u00f1as, ni\u00f1os y adultos que colmaron la plaza principal, especialmente acondicionada para la ocasi\u00f3n. El espacio p\u00fablico, decorado con un gran pino navide\u00f1o y distintos detalles alusivos a la Navidad, acompa\u00f1\u00f3 una escena que combin\u00f3 expectativa, aplausos y sonrisas.<\/p>\n<p>Tras su llegada, Pap\u00e1 Noel comparti\u00f3 un momento cercano con los chicos, recibi\u00f3 cartas, se sent\u00f3 con ellos para las fotos y dialog\u00f3 con cada familia que se acerc\u00f3. \u201cUna hermosa experiencia para los ni\u00f1os, que tengan la ilusi\u00f3n de Pap\u00e1 Noel y de estas fiestas que General Alvear nos brinda. Que Pap\u00e1 Noel haya llegado del cielo fue toda una novedad, realmente muy lindo y muy emocionante para todos los chicos\u201d, expres\u00f3 una mam\u00e1 presente en la plaza.<\/p>\n<p>Otra vecina destac\u00f3 el valor emotivo de la propuesta: \u201ccreo que es volver a ser ni\u00f1o. Traje a mi nieto, pero es una excusita. Fue una iniciativa hermosa. No imagin\u00e1bamos que Pap\u00e1 Noel pod\u00eda llegar as\u00ed, super\u00f3 todas las expectativas. Me emocion\u00e9 m\u00e1s yo que mi nieto\u201d.<br \/>\nEn el mismo sentido, un pap\u00e1 resalt\u00f3 el impacto en los m\u00e1s peque\u00f1os: \u201cfue una experiencia muy linda para los ni\u00f1os, se les ve\u00eda la cara de felicidad que no les entra en el cuerpo. Mi hijo estaba sorprendido desde que vio a Pap\u00e1 Noel venir volando hasta verlo sentado con los nenes. Se nota que pensaron en los chicos, que es lo m\u00e1s importante. Nunca hab\u00edamos visto algo as\u00ed en Alvear\u201d.<\/p>\n<p>De la actividad particip\u00f3 el intendente de General Alvear, Alejandro Molero, junto a su familia, adem\u00e1s de funcionarios municipales, acompa\u00f1ando una propuesta que convoc\u00f3 a una gran cantidad de vecinos y vecinas.<\/p>\n<p>La llegada de Pap\u00e1 Noel a la plaza Carlos Mar\u00eda de Alvear se transform\u00f3 as\u00ed en una celebraci\u00f3n simple y emotiva, que anticip\u00f3 la Nochebuena con un mensaje claro: compartir, encontrarse y sostener la ilusi\u00f3n tambi\u00e9n es parte de la Navidad.<\/p>\n","protected":false},"excerpt":{"rendered":"<p>La plaza Carlos Mar\u00eda de Alvear fue este martes por la noche el punto de encuentro de cientos de familias que &#8230;<\/p>\n","protected":false},"author":7,"featured_media":156570,"comment_status":"open","ping_status":"open","sticky":false,"template":"","format":"standard","meta":{"footnotes":""},"categories":[19,11],"tags":[],"class_list":["post-156563","post","type-post","status-publish","format-standard","has-post-thumbnail","hentry","category-cultura","category-sociales"],"_links":{"self":[{"href":"https:\/\/vinasfm.com\/noticias\/wp-json\/wp\/v2\/posts\/156563","targetHints":{"allow":["GET"]}}],"collection":[{"href":"https:\/\/vinasfm.com\/noticias\/wp-json\/wp\/v2\/posts"}],"about":[{"href":"https:\/\/vinasfm.com\/noticias\/wp-json\/wp\/v2\/types\/post"}],"author":[{"embeddable":true,"href":"https:\/\/vinasfm.com\/noticias\/wp-json\/wp\/v2\/users\/7"}],"replies":[{"embeddable":true,"href":"https:\/\/vinasfm.com\/noticias\/wp-json\/wp\/v2\/comments?post=156563"}],"version-history":[{"count":1,"href":"https:\/\/vinasfm.com\/noticias\/wp-json\/wp\/v2\/posts\/156563\/revisions"}],"predecessor-version":[{"id":156564,"href":"https:\/\/vinasfm.com\/noticias\/wp-json\/wp\/v2\/posts\/156563\/revisions\/156564"}],"wp:featuredmedia":[{"embeddable":true,"href":"https:\/\/vinasfm.com\/noticias\/wp-json\/wp\/v2\/media\/156570"}],"wp:attachment":[{"href":"https:\/\/vinasfm.com\/noticias\/wp-json\/wp\/v2\/media?parent=156563"}],"wp:term":[{"taxonomy":"category","embeddable":true,"href":"https:\/\/vinasfm.com\/noticias\/wp-json\/wp\/v2\/categories?post=156563"},{"taxonomy":"post_tag","embeddable":true,"href":"https:\/\/vinasfm.com\/noticias\/wp-json\/wp\/v2\/tags?post=156563"}],"curies":[{"name":"wp","href":"https:\/\/api.w.org\/{rel}","templated":true}]}}