{"id":156559,"date":"2025-12-24T08:36:43","date_gmt":"2025-12-24T11:36:43","guid":{"rendered":"https:\/\/vinasfm.com\/noticias\/?p=156559"},"modified":"2025-12-26T09:32:47","modified_gmt":"2025-12-26T12:32:47","slug":"reflexion-y-esperanza-el-mensaje-del-padre-horacio-valdivia","status":"publish","type":"post","link":"https:\/\/vinasfm.com\/noticias\/reflexion-y-esperanza-el-mensaje-del-padre-horacio-valdivia\/","title":{"rendered":"REFLEXI\u00d3N Y ESPERANZA: EL MENSAJE DEL PADRE HORACIO VALDIVIA"},"content":{"rendered":"<h4><span style=\"color: #003300;\"><strong>En el marco de las celebraciones navide\u00f1as, el padre Horacio Valdivia dialog\u00f3 con FM VI\u00d1AS y comparti\u00f3 un profundo mensaje de fe, esperanza y reflexi\u00f3n, invitando a la comunidad a vivir la Navidad m\u00e1s all\u00e1 de lo superficial y a reencontrarse con su verdadero sentido espiritual.<\/strong><\/span><\/h4>\n<p>Durante la entrevista, el sacerdote destac\u00f3 que la Navidad es<em><strong> \u201cuno de los tiempos m\u00e1s hermosos del a\u00f1o\u201d<\/strong><\/em>, no solo por el encuentro familiar y la alegr\u00eda compartida, sino principalmente porque recuerda el misterio central del cristianismo: Dios que se hace presente y cercano en la persona de Jes\u00fas. <em><strong>\u201cLa alegr\u00eda de la Navidad no est\u00e1 puesta en que nos vaya todo bien, sino en Dios que viene y nos ama incondicionalmente\u201d<\/strong><\/em>, expres\u00f3.<\/p>\n<p>Valdivia subray\u00f3 que muchas veces se asocia la Navidad \u00fanicamente con la reuni\u00f3n familiar, la comida o el brindis, y si bien valor\u00f3 esos momentos como positivos y necesarios, remarc\u00f3 que <strong>hay algo m\u00e1s profundo que solo puede llenar el coraz\u00f3n humano: saberse amado por Dios.<\/strong> En ese sentido, record\u00f3 que Jes\u00fas nace para todos, sin distinciones, y que el mensaje de salvaci\u00f3n alcanza incluso a quienes se sienten fr\u00e1giles o indignos.<\/p>\n<p>El sacerdote tambi\u00e9n tuvo palabras de acompa\u00f1amiento para quienes atraviesan momentos dif\u00edciles durante estas fechas, especialmente aquellas familias que han perdido seres queridos. Reconoci\u00f3 que<strong> hay dolores que no tienen explicaci\u00f3n ni consuelo humano, pero insisti\u00f3 en que la esperanza cristiana se sostiene en<em> \u201cDios que viene\u201d<\/em>, incluso en medio del sufrimiento.<\/strong><\/p>\n<p>En otro tramo, destac\u00f3 el valor de los signos navide\u00f1os como el \u00e1rbol, el pesebre y las luces, e invit\u00f3 a las familias a no quedarse solo con lo decorativo, sino a realizar una peque\u00f1a oraci\u00f3n frente a ellos. <em><strong>\u201cEl \u00e1rbol simboliza la vida, y Jes\u00fas es la vida\u201d<\/strong><\/em>, record\u00f3, se\u00f1alando la importancia de transmitir estos s\u00edmbolos a los m\u00e1s j\u00f3venes.<\/p>\n<p>Valdivia tambi\u00e9n celebr\u00f3 el clima navide\u00f1o que se vive en el departamento, con actividades como el pesebre viviente realizado en la plaza y la ciudad iluminada, a la que defini\u00f3 como <strong>un recordatorio de Jes\u00fas, \u201cluz del mundo\u201d.<\/strong> Adem\u00e1s, puso en valor las caracter\u00edsticas de la comunidad local: la calidez, la seguridad y la posibilidad de compartir en familia y al aire libre, aspectos que \u2014seg\u00fan afirm\u00f3\u2014 muchas veces no se valoran lo suficiente.<\/p>\n<p>Finalmente, dej\u00f3 un mensaje especial para los j\u00f3venes y para las familias que se reencuentran en estas fechas, en un contexto marcado por la migraci\u00f3n y la distancia. Los alent\u00f3 a pensar en su lugar de origen y a reconocer todo lo que la comunidad les ha brindado.<\/p>\n<p><em><strong>\u201cEl mensaje es de esperanza: no miren solo sus preocupaciones, que siempre estar\u00e1n, sino al Se\u00f1or que viene y nos ama a todos incondicionalmente\u201d<\/strong><\/em>, concluy\u00f3 el padre Horacio Valdivia, deseando a toda la audiencia una Navidad de encuentro, fe y renovaci\u00f3n interior.<\/p>\n","protected":false},"excerpt":{"rendered":"<p>En el marco de las celebraciones navide\u00f1as, el padre Horacio Valdivia dialog\u00f3 con FM VI\u00d1AS y comparti\u00f3 un profundo mensaje de &#8230;<\/p>\n","protected":false},"author":7,"featured_media":156560,"comment_status":"open","ping_status":"open","sticky":false,"template":"","format":"standard","meta":{"footnotes":""},"categories":[63,11],"tags":[],"class_list":["post-156559","post","type-post","status-publish","format-standard","has-post-thumbnail","hentry","category-iglesia","category-sociales"],"_links":{"self":[{"href":"https:\/\/vinasfm.com\/noticias\/wp-json\/wp\/v2\/posts\/156559","targetHints":{"allow":["GET"]}}],"collection":[{"href":"https:\/\/vinasfm.com\/noticias\/wp-json\/wp\/v2\/posts"}],"about":[{"href":"https:\/\/vinasfm.com\/noticias\/wp-json\/wp\/v2\/types\/post"}],"author":[{"embeddable":true,"href":"https:\/\/vinasfm.com\/noticias\/wp-json\/wp\/v2\/users\/7"}],"replies":[{"embeddable":true,"href":"https:\/\/vinasfm.com\/noticias\/wp-json\/wp\/v2\/comments?post=156559"}],"version-history":[{"count":1,"href":"https:\/\/vinasfm.com\/noticias\/wp-json\/wp\/v2\/posts\/156559\/revisions"}],"predecessor-version":[{"id":156561,"href":"https:\/\/vinasfm.com\/noticias\/wp-json\/wp\/v2\/posts\/156559\/revisions\/156561"}],"wp:featuredmedia":[{"embeddable":true,"href":"https:\/\/vinasfm.com\/noticias\/wp-json\/wp\/v2\/media\/156560"}],"wp:attachment":[{"href":"https:\/\/vinasfm.com\/noticias\/wp-json\/wp\/v2\/media?parent=156559"}],"wp:term":[{"taxonomy":"category","embeddable":true,"href":"https:\/\/vinasfm.com\/noticias\/wp-json\/wp\/v2\/categories?post=156559"},{"taxonomy":"post_tag","embeddable":true,"href":"https:\/\/vinasfm.com\/noticias\/wp-json\/wp\/v2\/tags?post=156559"}],"curies":[{"name":"wp","href":"https:\/\/api.w.org\/{rel}","templated":true}]}}