{"id":156519,"date":"2025-12-23T08:59:16","date_gmt":"2025-12-23T11:59:16","guid":{"rendered":"https:\/\/vinasfm.com\/noticias\/?p=156519"},"modified":"2025-12-24T10:06:38","modified_gmt":"2025-12-24T13:06:38","slug":"la-municipalidad-de-general-alvear-lanzo-una-licitacion-publica-para-el-servicio-de-buffet-del-polideportivo-municipal","status":"publish","type":"post","link":"https:\/\/vinasfm.com\/noticias\/la-municipalidad-de-general-alvear-lanzo-una-licitacion-publica-para-el-servicio-de-buffet-del-polideportivo-municipal\/","title":{"rendered":"LA MUNICIPALIDAD DE GENERAL ALVEAR LANZ\u00d3 UNA LICITACI\u00d3N P\u00daBLICA PARA EL SERVICIO DE BUFFET DEL POLIDEPORTIVO MUNICIPAL"},"content":{"rendered":"<h4><span style=\"color: #003300;\">La Municipalidad de General Alvear informa que se encuentra abierta la convocatoria a Licitaci\u00f3n P\u00fablica, la cual se llevar\u00e1 a cabo el 07 de enero de 2026 a las 10:00 horas, con el objetivo de otorgar la concesi\u00f3n de uso y explotaci\u00f3n del servicio de buffet ubicado en las instalaciones del Polideportivo Municipal Cubierto \u201cDeportistas Alvearenses\u201d.<\/span><\/h4>\n<p>El proceso licitatorio se realizar\u00e1 conforme a lo establecido en los <strong>pliegos de condiciones generales y particulares<\/strong>, y dem\u00e1s documentaci\u00f3n obrante en el expediente correspondiente.<\/p>\n<p>El <strong>valor del pliego<\/strong> ha sido fijado en <strong>$5.000,00<\/strong>. Los interesados podr\u00e1n adquirir los pliegos en la <strong>Subdirecci\u00f3n de Compras y Suministros<\/strong>, ubicada en la <strong>Planta Alta del Municipio<\/strong>, de lunes a viernes en el horario de <strong>8:00 a 12:30 horas<\/strong>. Para consultas, se encuentra disponible el tel\u00e9fono <strong>0800-222-8533<\/strong>, interno <strong>1480<\/strong>.<\/p>\n<p>Asimismo, los pliegos tambi\u00e9n podr\u00e1n obtenerse de manera digital a trav\u00e9s de la <strong>p\u00e1gina web oficial de la Municipalidad de General Alvear<\/strong>: <a href=\"https:\/\/alvearmendoza.gob.ar\/\">https:\/\/alvearmendoza.gob.ar\/<\/a>, ingresando en la secci\u00f3n <strong>Rentas \/ Tr\u00e1mites Varios<\/strong>.<\/p>\n<p>Desde el municipio se invita a los interesados a participar de esta licitaci\u00f3n, que busca garantizar un servicio de calidad para los usuarios del Polideportivo Municipal.<\/p>\n","protected":false},"excerpt":{"rendered":"<p>La Municipalidad de General Alvear informa que se encuentra abierta la convocatoria a Licitaci\u00f3n P\u00fablica, la cual se llevar\u00e1 a cabo &#8230;<\/p>\n","protected":false},"author":7,"featured_media":156521,"comment_status":"open","ping_status":"open","sticky":false,"template":"","format":"standard","meta":{"footnotes":""},"categories":[78],"tags":[],"class_list":["post-156519","post","type-post","status-publish","format-standard","has-post-thumbnail","hentry","category-municipalidad"],"_links":{"self":[{"href":"https:\/\/vinasfm.com\/noticias\/wp-json\/wp\/v2\/posts\/156519","targetHints":{"allow":["GET"]}}],"collection":[{"href":"https:\/\/vinasfm.com\/noticias\/wp-json\/wp\/v2\/posts"}],"about":[{"href":"https:\/\/vinasfm.com\/noticias\/wp-json\/wp\/v2\/types\/post"}],"author":[{"embeddable":true,"href":"https:\/\/vinasfm.com\/noticias\/wp-json\/wp\/v2\/users\/7"}],"replies":[{"embeddable":true,"href":"https:\/\/vinasfm.com\/noticias\/wp-json\/wp\/v2\/comments?post=156519"}],"version-history":[{"count":2,"href":"https:\/\/vinasfm.com\/noticias\/wp-json\/wp\/v2\/posts\/156519\/revisions"}],"predecessor-version":[{"id":156522,"href":"https:\/\/vinasfm.com\/noticias\/wp-json\/wp\/v2\/posts\/156519\/revisions\/156522"}],"wp:featuredmedia":[{"embeddable":true,"href":"https:\/\/vinasfm.com\/noticias\/wp-json\/wp\/v2\/media\/156521"}],"wp:attachment":[{"href":"https:\/\/vinasfm.com\/noticias\/wp-json\/wp\/v2\/media?parent=156519"}],"wp:term":[{"taxonomy":"category","embeddable":true,"href":"https:\/\/vinasfm.com\/noticias\/wp-json\/wp\/v2\/categories?post=156519"},{"taxonomy":"post_tag","embeddable":true,"href":"https:\/\/vinasfm.com\/noticias\/wp-json\/wp\/v2\/tags?post=156519"}],"curies":[{"name":"wp","href":"https:\/\/api.w.org\/{rel}","templated":true}]}}