{"id":156500,"date":"2025-12-22T11:35:28","date_gmt":"2025-12-22T14:35:28","guid":{"rendered":"https:\/\/vinasfm.com\/noticias\/?p=156500"},"modified":"2025-12-23T10:01:09","modified_gmt":"2025-12-23T13:01:09","slug":"siguen-los-conciertos-navidenos-en-nuestro-departamento","status":"publish","type":"post","link":"https:\/\/vinasfm.com\/noticias\/siguen-los-conciertos-navidenos-en-nuestro-departamento\/","title":{"rendered":"SIGUEN LOS CONCIERTOS NAVIDE\u00d1OS EN NUESTRO DEPARTAMENTO"},"content":{"rendered":"<h4><strong>Desde el d\u00eda mi\u00e9rcoles pasado se vienen desarrollando los conciertos navide\u00f1os en distintos barrios y distritos del departamento, la actividad comenz\u00f3 en el Barrio San Carlos.\u00a0<\/strong><\/h4>\n<p>En la jornada de hoy, la actividad se traslada al distrito de Alvear Oeste, donde en la Plaza Manuel Belgrano se realizar\u00e1 un concierto navide\u00f1o a cargo de la Banda Municipal. El evento contar\u00e1 adem\u00e1s con la presencia de Pap\u00e1 Noel, quien estar\u00e1 recibiendo las cartas de los ni\u00f1os para que, en la noche del 24 de diciembre, cada familia y cada peque\u00f1o pueda recibir su tan esperado presente.<\/p>\n<p>La celebraci\u00f3n continuar\u00e1 ma\u00f1ana a las 21:00 hs en la Plaza Departamental, donde nuevamente se vivir\u00e1 una noche especial con m\u00fasica navide\u00f1a y la visita de Pap\u00e1 Noel.<\/p>\n<p>Estas actividades est\u00e1n pensadas para toda la familia, invitando a grandes y chicos a disfrutar de una noche de m\u00fasica, alegr\u00eda y encuentro, en un clima que busca<strong> \u201cmimar el alma\u201d<\/strong> y fortalecer los lazos comunitarios en v\u00edsperas de las fiestas destaco la Directora de Cultura <strong><span style=\"color: #993366;\">Maria Delia Achetoni<\/span><\/strong>.<\/p>\n<p>En paralelo, desde la organizaci\u00f3n se contin\u00faa trabajando intensamente en los preparativos de <strong><span style=\"color: #993366;\">Vendimia<\/span><\/strong>, avanzando paso a paso, luego de finalizar esta nutrida agenda navide\u00f1a que ha tenido una gran respuesta del p\u00fablico.<\/p>\n","protected":false},"excerpt":{"rendered":"<p>Desde el d\u00eda mi\u00e9rcoles pasado se vienen desarrollando los conciertos navide\u00f1os en distintos barrios y distritos del departamento, la actividad comenz\u00f3 &#8230;<\/p>\n","protected":false},"author":7,"featured_media":45909,"comment_status":"open","ping_status":"open","sticky":false,"template":"","format":"standard","meta":{"footnotes":""},"categories":[19,10],"tags":[],"class_list":["post-156500","post","type-post","status-publish","format-standard","has-post-thumbnail","hentry","category-cultura","category-destacadas"],"_links":{"self":[{"href":"https:\/\/vinasfm.com\/noticias\/wp-json\/wp\/v2\/posts\/156500","targetHints":{"allow":["GET"]}}],"collection":[{"href":"https:\/\/vinasfm.com\/noticias\/wp-json\/wp\/v2\/posts"}],"about":[{"href":"https:\/\/vinasfm.com\/noticias\/wp-json\/wp\/v2\/types\/post"}],"author":[{"embeddable":true,"href":"https:\/\/vinasfm.com\/noticias\/wp-json\/wp\/v2\/users\/7"}],"replies":[{"embeddable":true,"href":"https:\/\/vinasfm.com\/noticias\/wp-json\/wp\/v2\/comments?post=156500"}],"version-history":[{"count":1,"href":"https:\/\/vinasfm.com\/noticias\/wp-json\/wp\/v2\/posts\/156500\/revisions"}],"predecessor-version":[{"id":156501,"href":"https:\/\/vinasfm.com\/noticias\/wp-json\/wp\/v2\/posts\/156500\/revisions\/156501"}],"wp:featuredmedia":[{"embeddable":true,"href":"https:\/\/vinasfm.com\/noticias\/wp-json\/wp\/v2\/media\/45909"}],"wp:attachment":[{"href":"https:\/\/vinasfm.com\/noticias\/wp-json\/wp\/v2\/media?parent=156500"}],"wp:term":[{"taxonomy":"category","embeddable":true,"href":"https:\/\/vinasfm.com\/noticias\/wp-json\/wp\/v2\/categories?post=156500"},{"taxonomy":"post_tag","embeddable":true,"href":"https:\/\/vinasfm.com\/noticias\/wp-json\/wp\/v2\/tags?post=156500"}],"curies":[{"name":"wp","href":"https:\/\/api.w.org\/{rel}","templated":true}]}}