{"id":156457,"date":"2025-12-19T10:31:15","date_gmt":"2025-12-19T13:31:15","guid":{"rendered":"https:\/\/vinasfm.com\/noticias\/?p=156457"},"modified":"2025-12-22T08:47:38","modified_gmt":"2025-12-22T11:47:38","slug":"servicios-publicos-informo-el-cronograma-especial-de-recoleccion-de-residuos-por-las-fiestas","status":"publish","type":"post","link":"https:\/\/vinasfm.com\/noticias\/servicios-publicos-informo-el-cronograma-especial-de-recoleccion-de-residuos-por-las-fiestas\/","title":{"rendered":"SERVICIOS P\u00daBLICOS INFORM\u00d3 EL CRONOGRAMA ESPECIAL DE RECOLECCI\u00d3N DE RESIDUOS POR LAS FIESTAS"},"content":{"rendered":"<h4><span style=\"color: #003300;\">En di\u00e1logo con <strong>FM VI\u00d1AS<\/strong>, el director de Servicios P\u00fablicos, <strong>Marucio Mart\u00ednez<\/strong>, brind\u00f3 precisiones sobre el funcionamiento del servicio de <strong>recolecci\u00f3n de residuos<\/strong> durante los d\u00edas previos a las fiestas de <strong>Navidad y A\u00f1o Nuevo<\/strong>, y solicit\u00f3 a la comunidad colaboraci\u00f3n y responsabilidad al momento de sacar la basura.<\/span><\/h4>\n<p>Mart\u00ednez explic\u00f3 que el <strong>lunes el servicio se prestar\u00e1 con normalidad<\/strong>, mientras que el <strong>mi\u00e9rcoles la recolecci\u00f3n del tipo A se realizar\u00e1 hasta las 14 horas<\/strong>. Habitualmente, ese recorrido se concreta en horas de la tarde, por lo que pidi\u00f3 a los vecinos <strong>retirar las bolsas un poco antes del horario habitual<\/strong>, para permitir que el personal finalice la jornada con anticipaci\u00f3n.<\/p>\n<p>\u201cEl cronograma ser\u00e1 el mismo tanto para el <strong>24 como para el 31<\/strong>, con la misma modalidad de trabajo\u201d, se\u00f1al\u00f3 el funcionario, quien adem\u00e1s remarc\u00f3 la importancia de <strong>tener criterio al sacar los residuos<\/strong>, pensando especialmente en los trabajadores que realizan la recolecci\u00f3n.<\/p>\n<p>En ese sentido, pidi\u00f3 especial cuidado con <strong>vidrios, botellas y residuos cortantes<\/strong>, ya que en estas fechas se genera un mayor volumen de desechos pl\u00e1sticos y de vidrio.<em><strong> \u201cEs fundamental pensar en el recolector que levanta la bolsa, para evitar accidentes\u201d<\/strong><\/em>, enfatiz\u00f3.<\/p>\n<p>Respecto a los <strong>distritos<\/strong>, Mart\u00ednez indic\u00f3 que cada delegado maneja su propia modalidad y horarios. En el caso de <strong>Bowen<\/strong>, por ejemplo, el servicio comenzar\u00e1 m\u00e1s temprano, a partir de las <strong>6 de la ma\u00f1ana<\/strong>, con el objetivo de adelantar los recorridos y permitir que el personal finalice la jornada alrededor de las <strong>14 horas<\/strong>.<\/p>\n<p>Por \u00faltimo, aclar\u00f3 que la <strong>recolecci\u00f3n del tipo B<\/strong> continuar\u00e1 con su cronograma habitual, trabajando lunes, martes y mi\u00e9rcoles, retomando luego la actividad el viernes y s\u00e1bado para completar la semana.<\/p>\n<p>Desde el \u00e1rea de Servicios P\u00fablicos reiteraron el pedido de <strong>colaboraci\u00f3n y conciencia ciudadana<\/strong>, especialmente en fechas festivas, para garantizar un servicio ordenado y cuidar la seguridad de los trabajadores.<\/p>\n","protected":false},"excerpt":{"rendered":"<p>En di\u00e1logo con FM VI\u00d1AS, el director de Servicios P\u00fablicos, Marucio Mart\u00ednez, brind\u00f3 precisiones sobre el funcionamiento del servicio de recolecci\u00f3n &#8230;<\/p>\n","protected":false},"author":7,"featured_media":156459,"comment_status":"open","ping_status":"open","sticky":false,"template":"","format":"standard","meta":{"footnotes":""},"categories":[5,10],"tags":[],"class_list":["post-156457","post","type-post","status-publish","format-standard","has-post-thumbnail","hentry","category-actualidad","category-destacadas"],"_links":{"self":[{"href":"https:\/\/vinasfm.com\/noticias\/wp-json\/wp\/v2\/posts\/156457","targetHints":{"allow":["GET"]}}],"collection":[{"href":"https:\/\/vinasfm.com\/noticias\/wp-json\/wp\/v2\/posts"}],"about":[{"href":"https:\/\/vinasfm.com\/noticias\/wp-json\/wp\/v2\/types\/post"}],"author":[{"embeddable":true,"href":"https:\/\/vinasfm.com\/noticias\/wp-json\/wp\/v2\/users\/7"}],"replies":[{"embeddable":true,"href":"https:\/\/vinasfm.com\/noticias\/wp-json\/wp\/v2\/comments?post=156457"}],"version-history":[{"count":4,"href":"https:\/\/vinasfm.com\/noticias\/wp-json\/wp\/v2\/posts\/156457\/revisions"}],"predecessor-version":[{"id":156462,"href":"https:\/\/vinasfm.com\/noticias\/wp-json\/wp\/v2\/posts\/156457\/revisions\/156462"}],"wp:featuredmedia":[{"embeddable":true,"href":"https:\/\/vinasfm.com\/noticias\/wp-json\/wp\/v2\/media\/156459"}],"wp:attachment":[{"href":"https:\/\/vinasfm.com\/noticias\/wp-json\/wp\/v2\/media?parent=156457"}],"wp:term":[{"taxonomy":"category","embeddable":true,"href":"https:\/\/vinasfm.com\/noticias\/wp-json\/wp\/v2\/categories?post=156457"},{"taxonomy":"post_tag","embeddable":true,"href":"https:\/\/vinasfm.com\/noticias\/wp-json\/wp\/v2\/tags?post=156457"}],"curies":[{"name":"wp","href":"https:\/\/api.w.org\/{rel}","templated":true}]}}