{"id":156438,"date":"2025-12-19T08:47:07","date_gmt":"2025-12-19T11:47:07","guid":{"rendered":"https:\/\/vinasfm.com\/noticias\/?p=156438"},"modified":"2025-12-19T08:47:07","modified_gmt":"2025-12-19T11:47:07","slug":"general-alvear-fue-seleccionado-en-el-concurso-de-infraestructura-turistica-municipal-y-recibira-una-inversion-millonaria","status":"publish","type":"post","link":"https:\/\/vinasfm.com\/noticias\/general-alvear-fue-seleccionado-en-el-concurso-de-infraestructura-turistica-municipal-y-recibira-una-inversion-millonaria\/","title":{"rendered":"GENERAL ALVEAR FUE SELECCIONADO EN EL CONCURSO DE INFRAESTRUCTURA TUR\u00cdSTICA MUNICIPAL Y RECIBIR\u00c1 UNA INVERSI\u00d3N MILLONARIA"},"content":{"rendered":"<h4><span style=\"color: #003300;\"><strong>El gobernador de Mendoza, Alfredo Cornejo, anunci\u00f3 a trav\u00e9s de sus redes sociales la presentaci\u00f3n de los proyectos seleccionados del Concurso de Infraestructura Tur\u00edstica Municipal, una iniciativa provincial destinada a fortalecer el turismo como motor de desarrollo, empleo y oportunidades en todo el territorio mendocino.<\/strong><\/span><\/h4>\n<p>Seg\u00fan destac\u00f3 el mandatario, se trata de <strong>nueve iniciativas impulsadas por los municipios<\/strong>, evaluadas bajo criterios t\u00e9cnicos y financiadas con <strong>fondos reintegrables del Resarcimiento<\/strong>, que buscan ampliar la oferta tur\u00edstica, generar empleo genuino y potenciar el desarrollo local. <em><strong>\u201cInvertir en infraestructura tur\u00edstica es invertir en trabajo, en identidad local y en crecimiento en cada rinc\u00f3n de Mendoza\u201d<\/strong><\/em>, expres\u00f3 Cornejo, subrayando la importancia de una planificaci\u00f3n sostenida y reglas claras para el crecimiento provincial.<\/p>\n<p>En este marco, <strong>General Alvear<\/strong> fue uno de los departamentos seleccionados. Previamente, en di\u00e1logo con <span style=\"color: #993366;\"><strong>FM VI\u00d1AS<\/strong><\/span>, el <em>director de Deportes del municipio<\/em>, <span style=\"color: #003366;\"><strong>Gustavo Garc\u00eda<\/strong><\/span>, confirm\u00f3 que este martes se firmar\u00e1 el convenio correspondiente para acceder a los fondos, que ascienden a <strong>aproximadamente 3.750 millones de pesos<\/strong>.<\/p>\n<p>Garc\u00eda explic\u00f3 que la inversi\u00f3n estar\u00e1 destinada principalmente al desarrollo del <strong>Parque Central \u2013 Costanera Centro<\/strong>, contemplando la continuidad de la Av. Alvear Oeste hasta el r\u00edo y un <strong>desarrollo de 800 metros sobre la costa<\/strong>, donde se proyecta la construcci\u00f3n de <strong>cuatro paradores con toda su infraestructura<\/strong>, un <strong>SUM<\/strong> y espacios pensados para el turismo y la recreaci\u00f3n. <em><strong>\u201cEs una cifra muy importante que va a posicionar a General Alvear en otro lugar desde el punto de vista tur\u00edstico\u201d<\/strong><\/em>, afirm\u00f3.<\/p>\n<p>El funcionario se\u00f1al\u00f3 que el proyecto ya se encuentra aprobado en el <strong>Banco de Inversi\u00f3n P\u00fablica (BIP)<\/strong> y que, tras la firma del convenio por parte del intendente<span style=\"color: #003366;\"> <strong>Alejandro Molero<\/strong><\/span> y autoridades provinciales, el municipio avanzar\u00e1 con las <strong>licitaciones p\u00fablicas<\/strong> para comenzar las obras. Adem\u00e1s, remarc\u00f3 el avance previo en iluminaci\u00f3n y servicios en una zona que durante a\u00f1os fue un basural, destacando la instalaci\u00f3n de luminarias y mejoras en la infraestructura el\u00e9ctrica.<\/p>\n<p><strong><em>\u201cEsto es el maquillaje final que va a poner a la costanera en el lugar que corresponde, con una impronta tur\u00edstica totalmente distinta\u201d<\/em><\/strong>, expres\u00f3 Garc\u00eda, quien valor\u00f3 el trabajo conjunto entre el municipio y la provincia.<\/p>\n<p>Finalmente, adelant\u00f3 que el municipio contin\u00faa trabajando en otros proyectos y en la organizaci\u00f3n de la Vendimia, con la expectativa de seguir sumando iniciativas que consoliden a <strong>General Alvear como un departamento tur\u00edstico en crecimiento<\/strong>.<\/p>\n","protected":false},"excerpt":{"rendered":"<p>El gobernador de Mendoza, Alfredo Cornejo, anunci\u00f3 a trav\u00e9s de sus redes sociales la presentaci\u00f3n de los proyectos seleccionados del Concurso &#8230;<\/p>\n","protected":false},"author":7,"featured_media":156439,"comment_status":"open","ping_status":"open","sticky":false,"template":"","format":"standard","meta":{"footnotes":""},"categories":[1],"tags":[],"class_list":["post-156438","post","type-post","status-publish","format-standard","has-post-thumbnail","hentry","category-fmvinas"],"_links":{"self":[{"href":"https:\/\/vinasfm.com\/noticias\/wp-json\/wp\/v2\/posts\/156438","targetHints":{"allow":["GET"]}}],"collection":[{"href":"https:\/\/vinasfm.com\/noticias\/wp-json\/wp\/v2\/posts"}],"about":[{"href":"https:\/\/vinasfm.com\/noticias\/wp-json\/wp\/v2\/types\/post"}],"author":[{"embeddable":true,"href":"https:\/\/vinasfm.com\/noticias\/wp-json\/wp\/v2\/users\/7"}],"replies":[{"embeddable":true,"href":"https:\/\/vinasfm.com\/noticias\/wp-json\/wp\/v2\/comments?post=156438"}],"version-history":[{"count":1,"href":"https:\/\/vinasfm.com\/noticias\/wp-json\/wp\/v2\/posts\/156438\/revisions"}],"predecessor-version":[{"id":156440,"href":"https:\/\/vinasfm.com\/noticias\/wp-json\/wp\/v2\/posts\/156438\/revisions\/156440"}],"wp:featuredmedia":[{"embeddable":true,"href":"https:\/\/vinasfm.com\/noticias\/wp-json\/wp\/v2\/media\/156439"}],"wp:attachment":[{"href":"https:\/\/vinasfm.com\/noticias\/wp-json\/wp\/v2\/media?parent=156438"}],"wp:term":[{"taxonomy":"category","embeddable":true,"href":"https:\/\/vinasfm.com\/noticias\/wp-json\/wp\/v2\/categories?post=156438"},{"taxonomy":"post_tag","embeddable":true,"href":"https:\/\/vinasfm.com\/noticias\/wp-json\/wp\/v2\/tags?post=156438"}],"curies":[{"name":"wp","href":"https:\/\/api.w.org\/{rel}","templated":true}]}}