{"id":156433,"date":"2025-12-19T08:38:47","date_gmt":"2025-12-19T11:38:47","guid":{"rendered":"https:\/\/vinasfm.com\/noticias\/?p=156433"},"modified":"2025-12-19T11:21:51","modified_gmt":"2025-12-19T14:21:51","slug":"llega-el-primer-torneo-de-futsal-formativo-para-categorias-infantiles","status":"publish","type":"post","link":"https:\/\/vinasfm.com\/noticias\/llega-el-primer-torneo-de-futsal-formativo-para-categorias-infantiles\/","title":{"rendered":"LLEGA EL PRIMER TORNEO DE FUTSAL FORMATIVO PARA CATEGOR\u00cdAS INFANTILES"},"content":{"rendered":"<h4><span style=\"color: #003300;\"><strong>En di\u00e1logo con FM VI\u00d1AS, Nahuel Fern\u00e1ndez, integrante de Fundadores de Oportunidades, brind\u00f3 detalles sobre la organizaci\u00f3n del primer Torneo de Futsal de categor\u00edas formativas, destinado a ni\u00f1os de entre 7 y 13 a\u00f1os.<\/strong><\/span><\/h4>\n<p>Fern\u00e1ndez expres\u00f3 su entusiasmo por la iniciativa y destac\u00f3 la importancia de poder concretar este espacio deportivo para los m\u00e1s chicos. <strong><em>\u201cEstamos muy ansiosos y contentos porque podemos desarrollar el primer torneo de futsal infantil formativo, desde los 7 hasta los 13 a\u00f1os\u201d<\/em><\/strong>, se\u00f1al\u00f3.<\/p>\n<p>El certamen contar\u00e1 con <strong>tres categor\u00edas<\/strong>, divididas en <strong>C9, C11 y C13<\/strong>, agrupando a los jugadores de 7, 8 y 9 a\u00f1os; 10 y 11 a\u00f1os; y 12 y 13 a\u00f1os respectivamente. Seg\u00fan explic\u00f3, ya hay <strong>varios clubes inscriptos<\/strong>, tanto locales como de localidades vecinas, entre ellos Ferro, Bowen, Carmensa, Deportivo P\u00eda, Andes y Col\u00f3n, lo que augura una competencia numerosa y atractiva.<\/p>\n<p>El torneo ser\u00e1 principalmente <strong>masculino<\/strong>, aunque se permitir\u00e1 la participaci\u00f3n de equipos con jugadoras femeninas, entendiendo la realidad de algunos clubes. Fern\u00e1ndez remarc\u00f3 que el objetivo central es <strong>fortalecer el futsal masculino formativo, ya que actualmente no existen ligas organizadas en esta disciplina, y brindarles rodaje a los ni\u00f1os.<\/strong><\/p>\n<p>Los encuentros se disputar\u00e1n en <strong>dos escenarios<\/strong>: el <strong>Polideportivo municipal al aire libre<\/strong> y el <strong>gimnasio de la Escuela de Comercio<\/strong>, agradeciendo especialmente al municipio por el acompa\u00f1amiento y el apoyo, ya que Fundadores de Oportunidades a\u00fan no cuenta con un predio propio para entrenar.<\/p>\n<p>En cuanto al aspecto formativo, Fern\u00e1ndez subray\u00f3 los beneficios del futsal en edades tempranas. <em><strong>\u201cEl futsal es genial en lo formativo, porque los chicos tienen m\u00e1s contacto con la pelota y otro tipo de desarrollo deportivo, que tambi\u00e9n ayuda al f\u00fatbol once\u201d<\/strong><\/em>, explic\u00f3, remarcando la importancia de que los clubes se animen a incorporar esta disciplina.<\/p>\n<p>Respecto al arbitraje, inform\u00f3 que se contar\u00e1 con <strong>un \u00e1rbitro por partido<\/strong>, priorizando la ense\u00f1anza de las reglas y el acompa\u00f1amiento a los ni\u00f1os, especialmente para aquellos que nunca han jugado futsal. Adem\u00e1s, adelant\u00f3 que la inauguraci\u00f3n tendr\u00e1 <strong>\u201calgunas sorpresas\u201d<\/strong> y un clima festivo, pensado para que los chicos disfruten y se diviertan.<\/p>\n<p>Finalmente, Fern\u00e1ndez invit\u00f3 a las familias a acompa\u00f1ar y alentar, recordando que se trata de una actividad recreativa y educativa. <em><strong>\u201cNo hay que olvidar que son ni\u00f1os, vienen a jugar y a divertirse. Queremos que los padres vayan, apoyen y vean las ganas que le hemos puesto para que el torneo se desarrolle de la mejor manera\u201d<\/strong><\/em>, concluy\u00f3.<\/p>\n","protected":false},"excerpt":{"rendered":"<p>En di\u00e1logo con FM VI\u00d1AS, Nahuel Fern\u00e1ndez, integrante de Fundadores de Oportunidades, brind\u00f3 detalles sobre la organizaci\u00f3n del primer Torneo de &#8230;<\/p>\n","protected":false},"author":7,"featured_media":156436,"comment_status":"open","ping_status":"open","sticky":false,"template":"","format":"standard","meta":{"footnotes":""},"categories":[5,3],"tags":[],"class_list":["post-156433","post","type-post","status-publish","format-standard","has-post-thumbnail","hentry","category-actualidad","category-deportes"],"_links":{"self":[{"href":"https:\/\/vinasfm.com\/noticias\/wp-json\/wp\/v2\/posts\/156433","targetHints":{"allow":["GET"]}}],"collection":[{"href":"https:\/\/vinasfm.com\/noticias\/wp-json\/wp\/v2\/posts"}],"about":[{"href":"https:\/\/vinasfm.com\/noticias\/wp-json\/wp\/v2\/types\/post"}],"author":[{"embeddable":true,"href":"https:\/\/vinasfm.com\/noticias\/wp-json\/wp\/v2\/users\/7"}],"replies":[{"embeddable":true,"href":"https:\/\/vinasfm.com\/noticias\/wp-json\/wp\/v2\/comments?post=156433"}],"version-history":[{"count":2,"href":"https:\/\/vinasfm.com\/noticias\/wp-json\/wp\/v2\/posts\/156433\/revisions"}],"predecessor-version":[{"id":156437,"href":"https:\/\/vinasfm.com\/noticias\/wp-json\/wp\/v2\/posts\/156433\/revisions\/156437"}],"wp:featuredmedia":[{"embeddable":true,"href":"https:\/\/vinasfm.com\/noticias\/wp-json\/wp\/v2\/media\/156436"}],"wp:attachment":[{"href":"https:\/\/vinasfm.com\/noticias\/wp-json\/wp\/v2\/media?parent=156433"}],"wp:term":[{"taxonomy":"category","embeddable":true,"href":"https:\/\/vinasfm.com\/noticias\/wp-json\/wp\/v2\/categories?post=156433"},{"taxonomy":"post_tag","embeddable":true,"href":"https:\/\/vinasfm.com\/noticias\/wp-json\/wp\/v2\/tags?post=156433"}],"curies":[{"name":"wp","href":"https:\/\/api.w.org\/{rel}","templated":true}]}}