{"id":156406,"date":"2025-12-18T08:36:20","date_gmt":"2025-12-18T11:36:20","guid":{"rendered":"https:\/\/vinasfm.com\/noticias\/?p=156406"},"modified":"2025-12-19T09:05:05","modified_gmt":"2025-12-19T12:05:05","slug":"molero-presento-los-lineamientos-del-presupuesto-2026-equilibrio-fiscal-fuerte-inversion-en-obra-publica-y-foco-en-gas-y-cloacas","status":"publish","type":"post","link":"https:\/\/vinasfm.com\/noticias\/molero-presento-los-lineamientos-del-presupuesto-2026-equilibrio-fiscal-fuerte-inversion-en-obra-publica-y-foco-en-gas-y-cloacas\/","title":{"rendered":"MOLERO PRESENT\u00d3 LOS LINEAMIENTOS DEL PRESUPUESTO 2026: EQUILIBRIO FISCAL, FUERTE INVERSI\u00d3N EN OBRA P\u00daBLICA Y FOCO EN GAS Y CLOACAS"},"content":{"rendered":"<h4><span style=\"color: #003300;\"><strong>En di\u00e1logo con FM VI\u00d1AS, el intendente de General Alvear, Alejandro Molero, brind\u00f3 definiciones centrales sobre el Presupuesto Municipal 2026, haciendo hincapi\u00e9 en el equilibrio fiscal, la proyecci\u00f3n inflacionaria y la continuidad de un ambicioso plan de obras de infraestructura para el departamento.<\/strong><\/span><\/h4>\n<p>Molero sostuvo que el presupuesto proyectado para el pr\u00f3ximo a\u00f1o <em><strong>\u201ces equilibrado y sin d\u00e9ficit fiscal\u201d<\/strong><\/em>, y explic\u00f3 que contempla un incremento acorde a la pauta inflacionaria prevista para 2026, estimada entre el 30 y el 33%. <strong><em>\u201cTodos los presupuestos de la provincia van a reflejar ese incremento y nosotros lo hemos hecho de la misma manera en el presupuesto local\u201d<\/em><\/strong>, se\u00f1al\u00f3.<\/p>\n<p>Uno de los ejes principales del Presupuesto 2026 ser\u00e1 la obra p\u00fablica. En ese sentido, el jefe comunal remarc\u00f3 que General Alvear atraviesa un momento hist\u00f3rico en materia de inversiones.<strong> Enumer\u00f3 proyectos en ejecuci\u00f3n y pr\u00f3ximos a iniciar, como los polideportivos del distrito Bowen, la remodelaci\u00f3n integral de la avenida principal del departamento, el desarrollo del Parque Central y la nueva costanera, adem\u00e1s de la planta de tratamiento de l\u00edquidos cloacales, que implica una inversi\u00f3n superior a los 12.500 millones de pesos.<\/strong><\/p>\n<p><em><strong>\u201cEl esfuerzo principal para el a\u00f1o pr\u00f3ximo estar\u00e1 puesto en llevar gas natural y cloacas a todos los barrios y distritos de General Alvear\u201d<\/strong><\/em>, afirm\u00f3 Molero, destacando que se trata de obras estructurales que no siempre son visibles, pero que <strong><em>\u201cmejoran de manera definitiva la calidad de vida de los vecinos y quedan para siempre\u201d<\/em><\/strong>.<\/p>\n<p>En relaci\u00f3n al debate por la tarifaria municipal, el intendente aclar\u00f3 que los incrementos m\u00e1s altos responden a servicios que estaban hist\u00f3ricamente desactualizados y que generaban desfinanciamiento al municipio. <em><strong>\u201cCuando uno se acerca a valores reales, el aumento porcentual parece alto, pero se trata de corregir tarifas que eran irrisorias\u201d<\/strong><\/em>, explic\u00f3, y adelant\u00f3 que se est\u00e1 trabajando con el Concejo Deliberante para consensuar incrementos en torno al 50%.<\/p>\n<p>Molero tambi\u00e9n contextualiz\u00f3 el presupuesto en un escenario econ\u00f3mico adverso, marcado por una fuerte ca\u00edda de la coparticipaci\u00f3n, superior al 35%, y una baja recaudaci\u00f3n propia. <strong><em>\u201cHoy de cada diez viviendas, solo una paga las tasas municipales. Aun as\u00ed, no nos quejamos: vamos a seguir achicando el gasto, siendo eficientes y gestionando obras\u201d<\/em><\/strong>, asegur\u00f3.<\/p>\n<p>Finalmente, el intendente remarc\u00f3 que el Presupuesto 2026 prioriza la eficiencia del Estado municipal, con especial atenci\u00f3n a la renovaci\u00f3n del parque automotor y la optimizaci\u00f3n de servicios esenciales. <strong><em>\u201cNuestro rol es que los vecinos vivan en una ciudad m\u00e1s linda, m\u00e1s ordenada, m\u00e1s iluminada y con mejores servicios. Ese es el sentido del presupuesto que estamos proyectando para el a\u00f1o pr\u00f3ximo\u201d<\/em><\/strong>, concluy\u00f3.<\/p>\n","protected":false},"excerpt":{"rendered":"<p>En di\u00e1logo con FM VI\u00d1AS, el intendente de General Alvear, Alejandro Molero, brind\u00f3 definiciones centrales sobre el Presupuesto Municipal 2026, haciendo &#8230;<\/p>\n","protected":false},"author":7,"featured_media":156408,"comment_status":"open","ping_status":"open","sticky":false,"template":"","format":"standard","meta":{"footnotes":""},"categories":[5,78],"tags":[],"class_list":["post-156406","post","type-post","status-publish","format-standard","has-post-thumbnail","hentry","category-actualidad","category-municipalidad"],"_links":{"self":[{"href":"https:\/\/vinasfm.com\/noticias\/wp-json\/wp\/v2\/posts\/156406","targetHints":{"allow":["GET"]}}],"collection":[{"href":"https:\/\/vinasfm.com\/noticias\/wp-json\/wp\/v2\/posts"}],"about":[{"href":"https:\/\/vinasfm.com\/noticias\/wp-json\/wp\/v2\/types\/post"}],"author":[{"embeddable":true,"href":"https:\/\/vinasfm.com\/noticias\/wp-json\/wp\/v2\/users\/7"}],"replies":[{"embeddable":true,"href":"https:\/\/vinasfm.com\/noticias\/wp-json\/wp\/v2\/comments?post=156406"}],"version-history":[{"count":2,"href":"https:\/\/vinasfm.com\/noticias\/wp-json\/wp\/v2\/posts\/156406\/revisions"}],"predecessor-version":[{"id":156413,"href":"https:\/\/vinasfm.com\/noticias\/wp-json\/wp\/v2\/posts\/156406\/revisions\/156413"}],"wp:featuredmedia":[{"embeddable":true,"href":"https:\/\/vinasfm.com\/noticias\/wp-json\/wp\/v2\/media\/156408"}],"wp:attachment":[{"href":"https:\/\/vinasfm.com\/noticias\/wp-json\/wp\/v2\/media?parent=156406"}],"wp:term":[{"taxonomy":"category","embeddable":true,"href":"https:\/\/vinasfm.com\/noticias\/wp-json\/wp\/v2\/categories?post=156406"},{"taxonomy":"post_tag","embeddable":true,"href":"https:\/\/vinasfm.com\/noticias\/wp-json\/wp\/v2\/tags?post=156406"}],"curies":[{"name":"wp","href":"https:\/\/api.w.org\/{rel}","templated":true}]}}