{"id":156386,"date":"2025-12-17T11:00:58","date_gmt":"2025-12-17T14:00:58","guid":{"rendered":"https:\/\/vinasfm.com\/noticias\/?p=156386"},"modified":"2025-12-19T09:06:26","modified_gmt":"2025-12-19T12:06:26","slug":"el-concejo-deliberante-avanza-en-el-analisis-del-presupuesto-2026","status":"publish","type":"post","link":"https:\/\/vinasfm.com\/noticias\/el-concejo-deliberante-avanza-en-el-analisis-del-presupuesto-2026\/","title":{"rendered":"EL CONCEJO DELIBERANTE AVANZA EN EL AN\u00c1LISIS DEL PRESUPUESTO 2026"},"content":{"rendered":"<h4><span style=\"color: #003300;\"><strong>En di\u00e1logo con FM VI\u00d1AS, el concejal Hern\u00e1n Climent brind\u00f3 detalles sobre el trabajo que se viene realizando en el Concejo Deliberante en el marco del estudio y debate del Presupuesto Municipal 2026, destacando la importancia del consenso y el an\u00e1lisis profundo de cada una de las \u00e1reas.<\/strong><\/span><\/h4>\n<p><span style=\"color: #003366;\"><strong>Climent<\/strong><\/span> se\u00f1al\u00f3 que contin\u00faan las reuniones con las distintas secretar\u00edas, direcciones y equipos t\u00e9cnicos del municipio, donde se intercambian opiniones y se canalizan inquietudes planteadas por vecinos, especialmente en materia de obras, organizaciones comunitarias y el avance de las pol\u00edticas p\u00fablicas. <em><strong>\u201cNos tomamos el tiempo necesario para estudiar y debatir el presupuesto porque el impacto es directo en toda la poblaci\u00f3n\u201d<\/strong><\/em>, explic\u00f3.<\/p>\n<p>El edil remarc\u00f3 que el presupuesto proyectado ronda los <strong>46 mil millones de pesos<\/strong>, condicionado por variables como la recaudaci\u00f3n departamental y las coparticipaciones provincial y nacional. En ese marco, subray\u00f3 la relevancia de alcanzar acuerdos entre todos los concejales para acompa\u00f1ar la planificaci\u00f3n del Ejecutivo. Asimismo, indic\u00f3 que algunos funcionarios, contadores y responsables de \u00e1reas han asistido en m\u00e1s de una oportunidad al Concejo para aclarar dudas, especialmente en lo referido a <strong>fideicomisos, compra de maquinaria y acciones previstas para el pr\u00f3ximo a\u00f1o<\/strong>.<\/p>\n<p>En cuanto a las partidas, Climent detall\u00f3 que la <strong>Secretar\u00eda de Obras y Servicios P\u00fablicos<\/strong> cuenta con un presupuesto superior a los <strong>10.200 millones de pesos<\/strong>, destinado a espacios p\u00fablicos, plazas, cementerios, edificios municipales y otras \u00e1reas que impactan directamente en la comunidad.<\/p>\n<p>Respecto a los plazos, el concejal indic\u00f3 que a\u00fan no hay una fecha definida para la aprobaci\u00f3n del presupuesto, ya que dependen de la finalizaci\u00f3n de las rondas de reuniones, aunque estim\u00f3 que se tratar\u00eda <strong>antes de fin de a\u00f1o<\/strong>, con el objetivo de dejar aprobada la herramienta de gesti\u00f3n para el Ejecutivo de cara a 2026.<\/p>\n<p>Por \u00faltimo, se refiri\u00f3 al tema del endeudamiento, recordando que el a\u00f1o pasado se autoriz\u00f3 un cr\u00e9dito de <strong>1.500 millones de pesos<\/strong> para la compra de maquinaria pesada que finalmente no fue utilizado. Para este a\u00f1o, el municipio solicit\u00f3 autorizaci\u00f3n para un nuevo endeudamiento de <strong>2.500 millones de pesos<\/strong>, a trav\u00e9s de la provincia, destinado tambi\u00e9n a la adquisici\u00f3n de maquinaria, considerando la actualizaci\u00f3n de precios. Adem\u00e1s, confirm\u00f3 que el <strong>leasing aprobado el a\u00f1o pasado s\u00ed fue tomado<\/strong>, permitiendo la compra de entre 10 y 12 camiones, que actualmente se encuentran en proceso de equipamiento y llegar\u00e1n pr\u00f3ximamente al departamento.<\/p>\n","protected":false},"excerpt":{"rendered":"<p>En di\u00e1logo con FM VI\u00d1AS, el concejal Hern\u00e1n Climent brind\u00f3 detalles sobre el trabajo que se viene realizando en el Concejo &#8230;<\/p>\n","protected":false},"author":7,"featured_media":156388,"comment_status":"open","ping_status":"open","sticky":false,"template":"","format":"standard","meta":{"footnotes":""},"categories":[5,26],"tags":[],"class_list":["post-156386","post","type-post","status-publish","format-standard","has-post-thumbnail","hentry","category-actualidad","category-hcd"],"_links":{"self":[{"href":"https:\/\/vinasfm.com\/noticias\/wp-json\/wp\/v2\/posts\/156386","targetHints":{"allow":["GET"]}}],"collection":[{"href":"https:\/\/vinasfm.com\/noticias\/wp-json\/wp\/v2\/posts"}],"about":[{"href":"https:\/\/vinasfm.com\/noticias\/wp-json\/wp\/v2\/types\/post"}],"author":[{"embeddable":true,"href":"https:\/\/vinasfm.com\/noticias\/wp-json\/wp\/v2\/users\/7"}],"replies":[{"embeddable":true,"href":"https:\/\/vinasfm.com\/noticias\/wp-json\/wp\/v2\/comments?post=156386"}],"version-history":[{"count":2,"href":"https:\/\/vinasfm.com\/noticias\/wp-json\/wp\/v2\/posts\/156386\/revisions"}],"predecessor-version":[{"id":156389,"href":"https:\/\/vinasfm.com\/noticias\/wp-json\/wp\/v2\/posts\/156386\/revisions\/156389"}],"wp:featuredmedia":[{"embeddable":true,"href":"https:\/\/vinasfm.com\/noticias\/wp-json\/wp\/v2\/media\/156388"}],"wp:attachment":[{"href":"https:\/\/vinasfm.com\/noticias\/wp-json\/wp\/v2\/media?parent=156386"}],"wp:term":[{"taxonomy":"category","embeddable":true,"href":"https:\/\/vinasfm.com\/noticias\/wp-json\/wp\/v2\/categories?post=156386"},{"taxonomy":"post_tag","embeddable":true,"href":"https:\/\/vinasfm.com\/noticias\/wp-json\/wp\/v2\/tags?post=156386"}],"curies":[{"name":"wp","href":"https:\/\/api.w.org\/{rel}","templated":true}]}}