{"id":156382,"date":"2025-12-17T10:23:49","date_gmt":"2025-12-17T13:23:49","guid":{"rendered":"https:\/\/vinasfm.com\/noticias\/?p=156382"},"modified":"2025-12-18T09:56:18","modified_gmt":"2025-12-18T12:56:18","slug":"continua-la-campana-de-prevencion-y-concientizacion-sobre-el-consumo-de-alcohol","status":"publish","type":"post","link":"https:\/\/vinasfm.com\/noticias\/continua-la-campana-de-prevencion-y-concientizacion-sobre-el-consumo-de-alcohol\/","title":{"rendered":"CONTINUA LA CAMPA\u00d1A DE PREVENCI\u00d3N Y CONCIENTIZACI\u00d3N SOBRE EL CONSUMO DE ALCOHOL"},"content":{"rendered":"<h4><span style=\"color: #003300;\"><strong>Este martes se llev\u00f3 adelante una jornada en Bowen destinada a promover el consumo responsable de alcohol y prevenir la accidentolog\u00eda vial durante las fiestas.<\/strong><\/span><\/h4>\n<p>La actividad cont\u00f3 con la participaci\u00f3n del <em>Delegado de Bowen<\/em>,<span style=\"color: #003366;\"> <strong>Luis Gergeluk<\/strong><\/span>;<em> del \u00e1rea de Prevenci\u00f3n en Adicciones<\/em>, <span style=\"color: #003366;\"><strong>Rogelio Guerrera<\/strong><\/span>; y <em>del Hospital Enfermeros Argentinos<\/em>, <span style=\"color: #003366;\"><strong>Carla Mortaro<\/strong><\/span>.<\/p>\n<p>La campa\u00f1a incluye controles en comercios para evitar la venta de bebidas alcoh\u00f3licas a menores o fuera de horario, as\u00ed como operativos preventivos a la salida de locales bailables y fiestas. <strong>El prop\u00f3sito central es reducir la ingesta de alcohol, prevenir siniestros viales y evitar consecuencias graves para la salud y la vida.<\/strong><\/p>\n<p>Las autoridades destacaron la importancia del trabajo conjunto entre las distintas \u00e1reas para fortalecer la prevenci\u00f3n y garantizar celebraciones m\u00e1s seguras para toda la comunidad.<\/p>\n<p><a href=\"https:\/\/vinasfm.com\/noticias\/wp-content\/uploads\/2025\/12\/IMG-20251217-WA0019.jpg\"><img loading=\"lazy\" decoding=\"async\" class=\"alignnone  wp-image-156381\" src=\"https:\/\/vinasfm.com\/noticias\/wp-content\/uploads\/2025\/12\/IMG-20251217-WA0019-1024x682.jpg\" alt=\"\" width=\"365\" height=\"243\" srcset=\"https:\/\/vinasfm.com\/noticias\/wp-content\/uploads\/2025\/12\/IMG-20251217-WA0019-1024x682.jpg 1024w, https:\/\/vinasfm.com\/noticias\/wp-content\/uploads\/2025\/12\/IMG-20251217-WA0019-300x200.jpg 300w, https:\/\/vinasfm.com\/noticias\/wp-content\/uploads\/2025\/12\/IMG-20251217-WA0019-768x512.jpg 768w, https:\/\/vinasfm.com\/noticias\/wp-content\/uploads\/2025\/12\/IMG-20251217-WA0019-1536x1023.jpg 1536w, https:\/\/vinasfm.com\/noticias\/wp-content\/uploads\/2025\/12\/IMG-20251217-WA0019.jpg 1600w\" sizes=\"auto, (max-width: 365px) 100vw, 365px\" \/><\/a> <a href=\"https:\/\/vinasfm.com\/noticias\/wp-content\/uploads\/2025\/12\/IMG-20251217-WA0018.jpg\"><img loading=\"lazy\" decoding=\"async\" class=\"alignnone  wp-image-156379\" src=\"https:\/\/vinasfm.com\/noticias\/wp-content\/uploads\/2025\/12\/IMG-20251217-WA0018-1024x682.jpg\" alt=\"\" width=\"365\" height=\"243\" srcset=\"https:\/\/vinasfm.com\/noticias\/wp-content\/uploads\/2025\/12\/IMG-20251217-WA0018-1024x682.jpg 1024w, https:\/\/vinasfm.com\/noticias\/wp-content\/uploads\/2025\/12\/IMG-20251217-WA0018-300x200.jpg 300w, https:\/\/vinasfm.com\/noticias\/wp-content\/uploads\/2025\/12\/IMG-20251217-WA0018-768x512.jpg 768w, https:\/\/vinasfm.com\/noticias\/wp-content\/uploads\/2025\/12\/IMG-20251217-WA0018-1536x1023.jpg 1536w, https:\/\/vinasfm.com\/noticias\/wp-content\/uploads\/2025\/12\/IMG-20251217-WA0018.jpg 1600w\" sizes=\"auto, (max-width: 365px) 100vw, 365px\" \/><\/a><\/p>\n","protected":false},"excerpt":{"rendered":"<p>Este martes se llev\u00f3 adelante una jornada en Bowen destinada a promover el consumo responsable de alcohol y prevenir la accidentolog\u00eda &#8230;<\/p>\n","protected":false},"author":7,"featured_media":156380,"comment_status":"open","ping_status":"open","sticky":false,"template":"","format":"standard","meta":{"footnotes":""},"categories":[56,11],"tags":[],"class_list":["post-156382","post","type-post","status-publish","format-standard","has-post-thumbnail","hentry","category-seguridad-vial","category-sociales"],"_links":{"self":[{"href":"https:\/\/vinasfm.com\/noticias\/wp-json\/wp\/v2\/posts\/156382","targetHints":{"allow":["GET"]}}],"collection":[{"href":"https:\/\/vinasfm.com\/noticias\/wp-json\/wp\/v2\/posts"}],"about":[{"href":"https:\/\/vinasfm.com\/noticias\/wp-json\/wp\/v2\/types\/post"}],"author":[{"embeddable":true,"href":"https:\/\/vinasfm.com\/noticias\/wp-json\/wp\/v2\/users\/7"}],"replies":[{"embeddable":true,"href":"https:\/\/vinasfm.com\/noticias\/wp-json\/wp\/v2\/comments?post=156382"}],"version-history":[{"count":2,"href":"https:\/\/vinasfm.com\/noticias\/wp-json\/wp\/v2\/posts\/156382\/revisions"}],"predecessor-version":[{"id":156384,"href":"https:\/\/vinasfm.com\/noticias\/wp-json\/wp\/v2\/posts\/156382\/revisions\/156384"}],"wp:featuredmedia":[{"embeddable":true,"href":"https:\/\/vinasfm.com\/noticias\/wp-json\/wp\/v2\/media\/156380"}],"wp:attachment":[{"href":"https:\/\/vinasfm.com\/noticias\/wp-json\/wp\/v2\/media?parent=156382"}],"wp:term":[{"taxonomy":"category","embeddable":true,"href":"https:\/\/vinasfm.com\/noticias\/wp-json\/wp\/v2\/categories?post=156382"},{"taxonomy":"post_tag","embeddable":true,"href":"https:\/\/vinasfm.com\/noticias\/wp-json\/wp\/v2\/tags?post=156382"}],"curies":[{"name":"wp","href":"https:\/\/api.w.org\/{rel}","templated":true}]}}