{"id":156361,"date":"2025-12-17T08:29:05","date_gmt":"2025-12-17T11:29:05","guid":{"rendered":"https:\/\/vinasfm.com\/noticias\/?p=156361"},"modified":"2025-12-18T09:58:26","modified_gmt":"2025-12-18T12:58:26","slug":"la-camara-de-comercio-lanzo-el-sorteo-de-la-camioneta-para-la-proxima-fiesta-nacional-de-la-ganaderia","status":"publish","type":"post","link":"https:\/\/vinasfm.com\/noticias\/la-camara-de-comercio-lanzo-el-sorteo-de-la-camioneta-para-la-proxima-fiesta-nacional-de-la-ganaderia\/","title":{"rendered":"LA C\u00c1MARA DE COMERCIO LANZ\u00d3 EL SORTEO DE LA CAMIONETA PARA LA PR\u00d3XIMA FIESTA NACIONAL DE LA GANADER\u00cdA"},"content":{"rendered":"<h4><span style=\"color: #003300;\"><strong>En di\u00e1logo con FM VI\u00d1AS, Javier Lasagno, tesorero de la C\u00e1mara de Comercio de General Alvear, anunci\u00f3 el inicio de la organizaci\u00f3n de una nueva edici\u00f3n de la Fiesta Nacional de la Ganader\u00eda de Zonas \u00c1ridas y, en ese marco, el lanzamiento del tradicional sorteo de la camioneta.<\/strong><\/span><\/h4>\n<p>Lasagno inform\u00f3 que el valor del n\u00famero ser\u00e1 de 225 mil pesos, con la posibilidad de abonarlo en cinco cuotas, lo que permite facilitar el acceso a los interesados. <em><strong>\u201cYa hemos largado el n\u00famero del sorteo para la camioneta de la pr\u00f3xima edici\u00f3n\u201d<\/strong><\/em>, se\u00f1al\u00f3, destacando que esta modalidad de pago busca que m\u00e1s vecinos puedan participar.<\/p>\n<p>Asimismo, el tesorero record\u00f3 el \u00e9xito de la \u00faltima edici\u00f3n, donde<strong> los n\u00fameros se agotaron en los \u00faltimos d\u00edas y se registr\u00f3 una muy buena concurrencia del p\u00fablico.<\/strong> En este sentido, invit\u00f3 a quienes deseen sumarse a la nueva edici\u00f3n a tomar contacto tanto con la C\u00e1mara de Comercio como con los vendedores habilitados para adquirir los n\u00fameros.<\/p>\n<p>En cuanto al premio, confirm\u00f3 que lo que est\u00e1 en juego es la camioneta: una Ford Ranger doble cabina, 4&#215;2, modelo 2026. <em><strong>\u201cEs una excelente camioneta para disfrutar\u201d<\/strong><\/em>, afirm\u00f3.<\/p>\n<p>Finalmente, Lasagno detall\u00f3 que, como todos los a\u00f1os, se pondr\u00e1n a la venta mil n\u00fameros, lo que representa amplias posibilidades para los participantes, y expres\u00f3 su expectativa por la respuesta del p\u00fablico en esta nueva edici\u00f3n del sorteo.<\/p>\n","protected":false},"excerpt":{"rendered":"<p>En di\u00e1logo con FM VI\u00d1AS, Javier Lasagno, tesorero de la C\u00e1mara de Comercio de General Alvear, anunci\u00f3 el inicio de la &#8230;<\/p>\n","protected":false},"author":7,"featured_media":156364,"comment_status":"open","ping_status":"open","sticky":false,"template":"","format":"standard","meta":{"footnotes":""},"categories":[32,10],"tags":[],"class_list":["post-156361","post","type-post","status-publish","format-standard","has-post-thumbnail","hentry","category-camara-de-comercio","category-destacadas"],"_links":{"self":[{"href":"https:\/\/vinasfm.com\/noticias\/wp-json\/wp\/v2\/posts\/156361","targetHints":{"allow":["GET"]}}],"collection":[{"href":"https:\/\/vinasfm.com\/noticias\/wp-json\/wp\/v2\/posts"}],"about":[{"href":"https:\/\/vinasfm.com\/noticias\/wp-json\/wp\/v2\/types\/post"}],"author":[{"embeddable":true,"href":"https:\/\/vinasfm.com\/noticias\/wp-json\/wp\/v2\/users\/7"}],"replies":[{"embeddable":true,"href":"https:\/\/vinasfm.com\/noticias\/wp-json\/wp\/v2\/comments?post=156361"}],"version-history":[{"count":2,"href":"https:\/\/vinasfm.com\/noticias\/wp-json\/wp\/v2\/posts\/156361\/revisions"}],"predecessor-version":[{"id":156365,"href":"https:\/\/vinasfm.com\/noticias\/wp-json\/wp\/v2\/posts\/156361\/revisions\/156365"}],"wp:featuredmedia":[{"embeddable":true,"href":"https:\/\/vinasfm.com\/noticias\/wp-json\/wp\/v2\/media\/156364"}],"wp:attachment":[{"href":"https:\/\/vinasfm.com\/noticias\/wp-json\/wp\/v2\/media?parent=156361"}],"wp:term":[{"taxonomy":"category","embeddable":true,"href":"https:\/\/vinasfm.com\/noticias\/wp-json\/wp\/v2\/categories?post=156361"},{"taxonomy":"post_tag","embeddable":true,"href":"https:\/\/vinasfm.com\/noticias\/wp-json\/wp\/v2\/tags?post=156361"}],"curies":[{"name":"wp","href":"https:\/\/api.w.org\/{rel}","templated":true}]}}