{"id":156353,"date":"2025-12-17T08:14:08","date_gmt":"2025-12-17T11:14:08","guid":{"rendered":"https:\/\/vinasfm.com\/noticias\/?p=156353"},"modified":"2025-12-18T09:59:08","modified_gmt":"2025-12-18T12:59:08","slug":"comienzan-las-audiciones-para-artistas-del-calendario-vendimia-2026","status":"publish","type":"post","link":"https:\/\/vinasfm.com\/noticias\/comienzan-las-audiciones-para-artistas-del-calendario-vendimia-2026\/","title":{"rendered":"COMIENZAN LAS AUDICIONES PARA ARTISTAS DEL CALENDARIO VENDIMIA 2026"},"content":{"rendered":"<h4 class=\"wp-block-heading\"><span style=\"color: #003300;\"><strong>Este s\u00e1bado 20 y el domingo 21 de diciembre se realizar\u00e1n las audiciones destinadas a seleccionar a las y los artistas que formar\u00e1n parte del Calendario Vendimia 2026, que incluye el Paseo Federal y la Bendici\u00f3n de los Frutos, que se desarrollar\u00e1 el 27 de febrero en el departamento de Lavalle.<\/strong><\/span><\/h4>\n<p>Este s\u00e1bado 20 y el domingo 21 de diciembre, se realizar\u00e1n las audiciones destinadas a seleccionar a las y los artistas que formar\u00e1n parte del <strong>Calendario Vendimia 2026<\/strong>, que incluye <strong>Paseo Federal y de la Bendici\u00f3n de los Frutos que se desarrollar\u00e1 el 27 de febrero en el departamento de Lavalle.<\/strong><\/p>\n<p>La convocatoria es organizada por la <strong>Direcci\u00f3n de Vendimia y Producci\u00f3n Cultural<\/strong>, dependiente de la <strong>Subsecretar\u00eda de Cultura del Ministerio de Educaci\u00f3n, Cultura, Infancias y D.G.E.<\/strong> del Gobierno de Mendoza y est\u00e1 dirigida a artistas que aspiren a integrar los elencos oficiales de estas celebraciones emblem\u00e1ticas de la provincia.<\/p>\n<p>Todas las audiciones se realizar\u00e1n en el Espacio Cultural Julio Le Parc. Bailarines y actores deber\u00e1n consultar d\u00eda y hora que corresponde a su audici\u00f3n seg\u00fan la disciplina y categor\u00eda en la que se inscribieron. Consultar el cronograma\u00a0<a href=\"https:\/\/informacionoficial.mendoza.gob.ar\/educacion-cultura-infancias-dge\/noticias-destacadas\/calendario-vendimia-2026-audiciones-de-artistas\/\" target=\"_blank\" rel=\"noreferrer noopener\">AQU\u00cd<\/a>.<\/p>\n<h2><strong>Informaci\u00f3n importante<\/strong><\/h2>\n<p>Presentarse el d\u00eda de audici\u00f3n con DNI (requisito obligatorio y excluyente).<\/p>\n<p>Acreditaciones: solo en los horarios establecidos para cada turno, sin excepci\u00f3n. Prestar especial atenci\u00f3n a los horarios detallados. Fuera de ese tiempo no se permitir\u00e1 el ingreso a la audici\u00f3n y no se permitir\u00e1n cambios de turno.<\/p>\n<p><strong>Requisitos de vestimenta<\/strong><\/p>\n<p>Los bailarines de folclore y folclore adultos deber\u00e1n presentarse con vestuario negro liso de ensayo, sin inscripciones, leyendas ni estampas; pa\u00f1uelo blanco, zapatos y botas; peinado recogido con rodete. No se permitir\u00e1 el uso de accesorios.<\/p>\n<p>Por otro lado, los bailarines contempor\u00e1neos, tambi\u00e9n deber\u00e1n asistir con vestuario negro liso, sin inscripciones, leyendas ni estampas; zapatillas de jazz o media punta y peinado recogido. No se permitir\u00e1 el uso de accesorios ni pies descalzos.<\/p>\n<p>Finalmente, actrices y actores deber\u00e1n audicionar con ropa negra, c\u00f3moda, sin inscripciones, leyendas ni estampas. No se admiten pies descalzos, sandalias u ojotas.<\/p>\n<h2><strong>Elencos que dan identidad a la Vendimia<\/strong><\/h2>\n<p>A trav\u00e9s de estas audiciones, la Vendimia renueva su compromiso con el talento local y con la construcci\u00f3n colectiva de uno de los acontecimientos culturales m\u00e1s representativos de Mendoza, poniendo en valor el trabajo art\u00edstico que da vida, diversidad e identidad a cada celebraci\u00f3n vendimial.<\/p>\n<p>Para realizar cualquier consulta o comunicaci\u00f3n de inconvenientes vinculados al proceso, se encuentra disponible el correo electr\u00f3nico\u00a0<a href=\"mailto:artistasvendimia@mendoza.gov.ar\" target=\"_blank\" rel=\"noreferrer noopener\">artistasvendimia@mendoza.gov.ar<\/a>.\u00a0 All\u00ed se debe indicar nombre completo, DNI, descripci\u00f3n de la consulta y un tel\u00e9fono de contacto.<\/p>\n","protected":false},"excerpt":{"rendered":"<p>Este s\u00e1bado 20 y el domingo 21 de diciembre se realizar\u00e1n las audiciones destinadas a seleccionar a las y los artistas &#8230;<\/p>\n","protected":false},"author":7,"featured_media":156354,"comment_status":"open","ping_status":"open","sticky":false,"template":"","format":"standard","meta":{"footnotes":""},"categories":[19,25],"tags":[],"class_list":["post-156353","post","type-post","status-publish","format-standard","has-post-thumbnail","hentry","category-cultura","category-vendimia"],"_links":{"self":[{"href":"https:\/\/vinasfm.com\/noticias\/wp-json\/wp\/v2\/posts\/156353","targetHints":{"allow":["GET"]}}],"collection":[{"href":"https:\/\/vinasfm.com\/noticias\/wp-json\/wp\/v2\/posts"}],"about":[{"href":"https:\/\/vinasfm.com\/noticias\/wp-json\/wp\/v2\/types\/post"}],"author":[{"embeddable":true,"href":"https:\/\/vinasfm.com\/noticias\/wp-json\/wp\/v2\/users\/7"}],"replies":[{"embeddable":true,"href":"https:\/\/vinasfm.com\/noticias\/wp-json\/wp\/v2\/comments?post=156353"}],"version-history":[{"count":1,"href":"https:\/\/vinasfm.com\/noticias\/wp-json\/wp\/v2\/posts\/156353\/revisions"}],"predecessor-version":[{"id":156355,"href":"https:\/\/vinasfm.com\/noticias\/wp-json\/wp\/v2\/posts\/156353\/revisions\/156355"}],"wp:featuredmedia":[{"embeddable":true,"href":"https:\/\/vinasfm.com\/noticias\/wp-json\/wp\/v2\/media\/156354"}],"wp:attachment":[{"href":"https:\/\/vinasfm.com\/noticias\/wp-json\/wp\/v2\/media?parent=156353"}],"wp:term":[{"taxonomy":"category","embeddable":true,"href":"https:\/\/vinasfm.com\/noticias\/wp-json\/wp\/v2\/categories?post=156353"},{"taxonomy":"post_tag","embeddable":true,"href":"https:\/\/vinasfm.com\/noticias\/wp-json\/wp\/v2\/tags?post=156353"}],"curies":[{"name":"wp","href":"https:\/\/api.w.org\/{rel}","templated":true}]}}