{"id":156349,"date":"2025-12-16T12:06:53","date_gmt":"2025-12-16T15:06:53","guid":{"rendered":"https:\/\/vinasfm.com\/noticias\/?p=156349"},"modified":"2025-12-17T10:35:42","modified_gmt":"2025-12-17T13:35:42","slug":"asi-sera-la-atencion-comercial-durante-las-fiestas","status":"publish","type":"post","link":"https:\/\/vinasfm.com\/noticias\/asi-sera-la-atencion-comercial-durante-las-fiestas\/","title":{"rendered":"AS\u00cd SER\u00c1 LA ATENCI\u00d3N COMERCIAL DURANTE LAS FIESTAS"},"content":{"rendered":"<h4><span style=\"color: #003300;\"><strong>En di\u00e1logo con FM VI\u00d1AS, Mauro Alcaraz, representante de la Espec\u00edfica de Comercio, y \u00d3scar Valverde, del Centro de Empleados de Comercio, brindaron detalles sobre los horarios de apertura y cierre de los comercios durante las fiestas de Navidad y A\u00f1o Nuevo, acuerdos que cuentan con el consenso del sector empresarial y del sindicato mercantil.<\/strong><\/span><\/h4>\n<p>Para las celebraciones de <strong>Navidad<\/strong>, los horarios ser\u00e1n los siguientes:<\/p>\n<ul>\n<li><strong>Martes 23 de diciembre<\/strong>: atenci\u00f3n de <strong>8 a 13<\/strong> y de <strong>17 a 22 horas<\/strong>.<\/li>\n<li><strong>Mi\u00e9rcoles 24 de diciembre<\/strong>: horario corrido de <strong>8 a 14 horas<\/strong>.<\/li>\n<li><strong>Jueves 25 de diciembre<\/strong>: los comercios permanecer\u00e1n <strong>cerrados<\/strong>, siendo feriado.<\/li>\n<\/ul>\n<p>En cuanto a <strong>Fin de A\u00f1o<\/strong>, se estableci\u00f3:<\/p>\n<ul>\n<li><strong>Martes 30 de diciembre<\/strong>: apertura de <strong>8 a 13<\/strong> y de <strong>17 a 22 horas<\/strong>.<\/li>\n<li><strong>Mi\u00e9rcoles 31 de diciembre<\/strong>: horario corrido de <strong>8 a 14 horas<\/strong>.<\/li>\n<li><strong>Jueves 1 de enero<\/strong>: comercios <strong>cerrados<\/strong>.<\/li>\n<\/ul>\n<p>Alcaraz destac\u00f3 que estos horarios se mantienen en l\u00ednea con lo acordado en a\u00f1os anteriores, lo que permite una mejor organizaci\u00f3n tanto para comerciantes como para consumidores, teniendo en cuenta adem\u00e1s las altas temperaturas caracter\u00edsticas de la \u00e9poca en General Alvear.<\/p>\n<p>Por su parte, <span style=\"color: #003366;\"><strong>Valverde<\/strong><\/span> remarc\u00f3 la importancia del acuerdo alcanzado entre la <strong>C\u00e1mara de Comercio<\/strong> y el gremio mercantil, subrayando que el objetivo es <strong>facilitar las ventas<\/strong> sin descuidar el derecho de los empleados y empleadores a compartir las fiestas con sus familias. Asimismo, resalt\u00f3 la buena predisposici\u00f3n del sector comercial y dese\u00f3 <strong>buenas ventas y felices fiestas<\/strong> a todos los trabajadores mercantiles y a la comunidad en general.<\/p>\n<p>Finalmente, desde la C\u00e1mara de Comercio se inform\u00f3 que contin\u00faa la <strong>campa\u00f1a de incentivo al consumo local<\/strong>, con un sorteo para quienes realicen compras en comercios adheridos, iniciativa que busca fortalecer la econom\u00eda local en un contexto desafiante para el sector.<\/p>\n","protected":false},"excerpt":{"rendered":"<p>En di\u00e1logo con FM VI\u00d1AS, Mauro Alcaraz, representante de la Espec\u00edfica de Comercio, y \u00d3scar Valverde, del Centro de Empleados de &#8230;<\/p>\n","protected":false},"author":7,"featured_media":156351,"comment_status":"open","ping_status":"open","sticky":false,"template":"","format":"standard","meta":{"footnotes":""},"categories":[69,10],"tags":[],"class_list":["post-156349","post","type-post","status-publish","format-standard","has-post-thumbnail","hentry","category-comercio","category-destacadas"],"_links":{"self":[{"href":"https:\/\/vinasfm.com\/noticias\/wp-json\/wp\/v2\/posts\/156349","targetHints":{"allow":["GET"]}}],"collection":[{"href":"https:\/\/vinasfm.com\/noticias\/wp-json\/wp\/v2\/posts"}],"about":[{"href":"https:\/\/vinasfm.com\/noticias\/wp-json\/wp\/v2\/types\/post"}],"author":[{"embeddable":true,"href":"https:\/\/vinasfm.com\/noticias\/wp-json\/wp\/v2\/users\/7"}],"replies":[{"embeddable":true,"href":"https:\/\/vinasfm.com\/noticias\/wp-json\/wp\/v2\/comments?post=156349"}],"version-history":[{"count":3,"href":"https:\/\/vinasfm.com\/noticias\/wp-json\/wp\/v2\/posts\/156349\/revisions"}],"predecessor-version":[{"id":156385,"href":"https:\/\/vinasfm.com\/noticias\/wp-json\/wp\/v2\/posts\/156349\/revisions\/156385"}],"wp:featuredmedia":[{"embeddable":true,"href":"https:\/\/vinasfm.com\/noticias\/wp-json\/wp\/v2\/media\/156351"}],"wp:attachment":[{"href":"https:\/\/vinasfm.com\/noticias\/wp-json\/wp\/v2\/media?parent=156349"}],"wp:term":[{"taxonomy":"category","embeddable":true,"href":"https:\/\/vinasfm.com\/noticias\/wp-json\/wp\/v2\/categories?post=156349"},{"taxonomy":"post_tag","embeddable":true,"href":"https:\/\/vinasfm.com\/noticias\/wp-json\/wp\/v2\/tags?post=156349"}],"curies":[{"name":"wp","href":"https:\/\/api.w.org\/{rel}","templated":true}]}}