{"id":156340,"date":"2025-12-16T11:42:23","date_gmt":"2025-12-16T14:42:23","guid":{"rendered":"https:\/\/vinasfm.com\/noticias\/?p=156340"},"modified":"2025-12-17T10:27:21","modified_gmt":"2025-12-17T13:27:21","slug":"habra-asueto-administrativo-los-dias-24-y-31-de-diciembre-en-general-alvear","status":"publish","type":"post","link":"https:\/\/vinasfm.com\/noticias\/habra-asueto-administrativo-los-dias-24-y-31-de-diciembre-en-general-alvear\/","title":{"rendered":"HABR\u00c1 ASUETO ADMINISTRATIVO LOS D\u00cdAS 24 Y 31 DE DICIEMBRE EN GENERAL ALVEAR"},"content":{"rendered":"<h4><span style=\"color: #003300;\"><strong>Desde la Direcci\u00f3n de Recursos Humanos de la Municipalidad de General Alvear se inform\u00f3 que, mediante el Decreto N\u00b0 628 S.G.\/2025, se dispone el asueto administrativo para los d\u00edas 24 y 31 de diciembre de 2025, en adhesi\u00f3n al Decreto Provincial N\u00b0 2809\/2025.<\/strong><\/span><\/h4>\n<p>La medida alcanza al personal de la Administraci\u00f3n P\u00fablica del Departamento Ejecutivo Municipal y se adopta en el marco de las tradicionales celebraciones de <strong>Navidad y A\u00f1o Nuevo<\/strong>, fechas que hist\u00f3ricamente constituyen un motivo de encuentro para las familias.<\/p>\n<p>No obstante, el decreto establece que se garantizar\u00e1 la <strong>prestaci\u00f3n de los servicios esenciales<\/strong>, para lo cual las distintas secretar\u00edas deber\u00e1n disponer la permanencia de personal de guardia en sus respectivas \u00e1reas, a fin de atender asuntos urgentes y\/o indispensables.<\/p>\n<p>Desde el Municipio <strong>se solicita a la comunidad tener en cuenta esta disposici\u00f3n y se recuerda que la atenci\u00f3n habitual se ver\u00e1 limitada durante ambas jornadas, manteni\u00e9ndose \u00fanicamente los servicios considerados esenciales.<\/strong><\/p>\n","protected":false},"excerpt":{"rendered":"<p>Desde la Direcci\u00f3n de Recursos Humanos de la Municipalidad de General Alvear se inform\u00f3 que, mediante el Decreto N\u00b0 628 S.G.\/2025, &#8230;<\/p>\n","protected":false},"author":7,"featured_media":156344,"comment_status":"open","ping_status":"open","sticky":false,"template":"","format":"standard","meta":{"footnotes":""},"categories":[78,68],"tags":[],"class_list":["post-156340","post","type-post","status-publish","format-standard","has-post-thumbnail","hentry","category-municipalidad","category-servicios"],"_links":{"self":[{"href":"https:\/\/vinasfm.com\/noticias\/wp-json\/wp\/v2\/posts\/156340","targetHints":{"allow":["GET"]}}],"collection":[{"href":"https:\/\/vinasfm.com\/noticias\/wp-json\/wp\/v2\/posts"}],"about":[{"href":"https:\/\/vinasfm.com\/noticias\/wp-json\/wp\/v2\/types\/post"}],"author":[{"embeddable":true,"href":"https:\/\/vinasfm.com\/noticias\/wp-json\/wp\/v2\/users\/7"}],"replies":[{"embeddable":true,"href":"https:\/\/vinasfm.com\/noticias\/wp-json\/wp\/v2\/comments?post=156340"}],"version-history":[{"count":4,"href":"https:\/\/vinasfm.com\/noticias\/wp-json\/wp\/v2\/posts\/156340\/revisions"}],"predecessor-version":[{"id":156346,"href":"https:\/\/vinasfm.com\/noticias\/wp-json\/wp\/v2\/posts\/156340\/revisions\/156346"}],"wp:featuredmedia":[{"embeddable":true,"href":"https:\/\/vinasfm.com\/noticias\/wp-json\/wp\/v2\/media\/156344"}],"wp:attachment":[{"href":"https:\/\/vinasfm.com\/noticias\/wp-json\/wp\/v2\/media?parent=156340"}],"wp:term":[{"taxonomy":"category","embeddable":true,"href":"https:\/\/vinasfm.com\/noticias\/wp-json\/wp\/v2\/categories?post=156340"},{"taxonomy":"post_tag","embeddable":true,"href":"https:\/\/vinasfm.com\/noticias\/wp-json\/wp\/v2\/tags?post=156340"}],"curies":[{"name":"wp","href":"https:\/\/api.w.org\/{rel}","templated":true}]}}