{"id":156308,"date":"2025-12-16T08:45:45","date_gmt":"2025-12-16T11:45:45","guid":{"rendered":"https:\/\/vinasfm.com\/noticias\/?p=156308"},"modified":"2025-12-17T08:35:36","modified_gmt":"2025-12-17T11:35:36","slug":"alvear-se-lleno-de-musica-teatro-y-emociones","status":"publish","type":"post","link":"https:\/\/vinasfm.com\/noticias\/alvear-se-lleno-de-musica-teatro-y-emociones\/","title":{"rendered":"ALVEAR SE LLEN\u00d3 DE M\u00daSICA, TEATRO Y EMOCIONES"},"content":{"rendered":"<h4><span style=\"color: #003300;\"><strong>Alvear vivi\u00f3 un intenso y emotivo fin de semana cultural, con propuestas que convocaron a vecinos y vecinas en distintos espacios de la ciudad, reafirmando el valor del arte como punto de encuentro para la comunidad.<\/strong><\/span><\/h4>\n<p>El <strong>s\u00e1bado<\/strong>, en la <strong>Parroquia San Jos\u00e9<\/strong>, el <strong>Coro Infantil Inmaculada<\/strong>, perteneciente a la Parroquia Inmaculada Concepci\u00f3n de Villa Atuel, ofreci\u00f3 una presentaci\u00f3n que emocion\u00f3 al p\u00fablico presente.<em> Con un repertorio cuidadosamente interpretado, los ni\u00f1os y ni\u00f1as lograron generar un clima de profunda sensibilidad y calidez, recibiendo un c\u00e1lido aplauso de la comunidad.<\/em><\/p>\n<p>Tambi\u00e9n el s\u00e1bado, en el <strong>Cine Teatro Antonio Lafalla<\/strong>, el grupo <strong>La Vuela<\/strong> present\u00f3 un espect\u00e1culo que reflej\u00f3 el trabajo y la dedicaci\u00f3n desarrollados a lo largo del a\u00f1o. El show fue una<em> muestra del crecimiento art\u00edstico del elenco y cont\u00f3 con una gran respuesta del p\u00fablico, que acompa\u00f1\u00f3 cada momento de la puesta en escena.<\/em><\/p>\n<p><a href=\"https:\/\/vinasfm.com\/noticias\/wp-content\/uploads\/2025\/12\/IMG-20251216-WA0013.jpg\"><img loading=\"lazy\" decoding=\"async\" class=\"wp-image-156310 aligncenter\" src=\"https:\/\/vinasfm.com\/noticias\/wp-content\/uploads\/2025\/12\/IMG-20251216-WA0013-1024x682.jpg\" alt=\"\" width=\"602\" height=\"401\" srcset=\"https:\/\/vinasfm.com\/noticias\/wp-content\/uploads\/2025\/12\/IMG-20251216-WA0013-1024x682.jpg 1024w, https:\/\/vinasfm.com\/noticias\/wp-content\/uploads\/2025\/12\/IMG-20251216-WA0013-300x200.jpg 300w, https:\/\/vinasfm.com\/noticias\/wp-content\/uploads\/2025\/12\/IMG-20251216-WA0013-768x512.jpg 768w, https:\/\/vinasfm.com\/noticias\/wp-content\/uploads\/2025\/12\/IMG-20251216-WA0013-1536x1023.jpg 1536w, https:\/\/vinasfm.com\/noticias\/wp-content\/uploads\/2025\/12\/IMG-20251216-WA0013.jpg 1600w\" sizes=\"auto, (max-width: 602px) 100vw, 602px\" \/><\/a><\/p>\n<p>En tanto, el <strong>domingo<\/strong>, el <strong>Teatro Antonio Lafalla<\/strong> volvi\u00f3 a ser escenario de una destacada propuesta teatral con la presentaci\u00f3n de la obra <strong>\u201cRotos de Amor\u201d<\/strong>. La comedia, que aborda con humor y sensibilidad el amor, el desamor y las historias que atraviesan a las personas, cont\u00f3 con las actuaciones de <strong>V\u00edctor Arrojo, Daniel Posada, An\u00edbal Villa y Marcelo Lacerna<\/strong>, quienes lograron una excelente conexi\u00f3n con el p\u00fablico.<\/p>\n<p><a href=\"https:\/\/vinasfm.com\/noticias\/wp-content\/uploads\/2025\/12\/IMG-20251216-WA0010.jpg\"><img loading=\"lazy\" decoding=\"async\" class=\"wp-image-156312 aligncenter\" src=\"https:\/\/vinasfm.com\/noticias\/wp-content\/uploads\/2025\/12\/IMG-20251216-WA0010-1024x682.jpg\" alt=\"\" width=\"600\" height=\"400\" srcset=\"https:\/\/vinasfm.com\/noticias\/wp-content\/uploads\/2025\/12\/IMG-20251216-WA0010-1024x682.jpg 1024w, https:\/\/vinasfm.com\/noticias\/wp-content\/uploads\/2025\/12\/IMG-20251216-WA0010-300x200.jpg 300w, https:\/\/vinasfm.com\/noticias\/wp-content\/uploads\/2025\/12\/IMG-20251216-WA0010-768x512.jpg 768w, https:\/\/vinasfm.com\/noticias\/wp-content\/uploads\/2025\/12\/IMG-20251216-WA0010-1536x1023.jpg 1536w, https:\/\/vinasfm.com\/noticias\/wp-content\/uploads\/2025\/12\/IMG-20251216-WA0010.jpg 1600w\" sizes=\"auto, (max-width: 600px) 100vw, 600px\" \/><\/a><\/p>\n<p>De esta manera, General Alvear cerr\u00f3 un fin de semana marcado por la m\u00fasica, el teatro y la emoci\u00f3n, consolidando una agenda cultural diversa y de calidad para toda la comunidad.<\/p>\n","protected":false},"excerpt":{"rendered":"<p>Alvear vivi\u00f3 un intenso y emotivo fin de semana cultural, con propuestas que convocaron a vecinos y vecinas en distintos espacios &#8230;<\/p>\n","protected":false},"author":7,"featured_media":156313,"comment_status":"open","ping_status":"open","sticky":false,"template":"","format":"standard","meta":{"footnotes":""},"categories":[19,11],"tags":[],"class_list":["post-156308","post","type-post","status-publish","format-standard","has-post-thumbnail","hentry","category-cultura","category-sociales"],"_links":{"self":[{"href":"https:\/\/vinasfm.com\/noticias\/wp-json\/wp\/v2\/posts\/156308","targetHints":{"allow":["GET"]}}],"collection":[{"href":"https:\/\/vinasfm.com\/noticias\/wp-json\/wp\/v2\/posts"}],"about":[{"href":"https:\/\/vinasfm.com\/noticias\/wp-json\/wp\/v2\/types\/post"}],"author":[{"embeddable":true,"href":"https:\/\/vinasfm.com\/noticias\/wp-json\/wp\/v2\/users\/7"}],"replies":[{"embeddable":true,"href":"https:\/\/vinasfm.com\/noticias\/wp-json\/wp\/v2\/comments?post=156308"}],"version-history":[{"count":2,"href":"https:\/\/vinasfm.com\/noticias\/wp-json\/wp\/v2\/posts\/156308\/revisions"}],"predecessor-version":[{"id":156314,"href":"https:\/\/vinasfm.com\/noticias\/wp-json\/wp\/v2\/posts\/156308\/revisions\/156314"}],"wp:featuredmedia":[{"embeddable":true,"href":"https:\/\/vinasfm.com\/noticias\/wp-json\/wp\/v2\/media\/156313"}],"wp:attachment":[{"href":"https:\/\/vinasfm.com\/noticias\/wp-json\/wp\/v2\/media?parent=156308"}],"wp:term":[{"taxonomy":"category","embeddable":true,"href":"https:\/\/vinasfm.com\/noticias\/wp-json\/wp\/v2\/categories?post=156308"},{"taxonomy":"post_tag","embeddable":true,"href":"https:\/\/vinasfm.com\/noticias\/wp-json\/wp\/v2\/tags?post=156308"}],"curies":[{"name":"wp","href":"https:\/\/api.w.org\/{rel}","templated":true}]}}