{"id":156264,"date":"2025-12-15T08:16:47","date_gmt":"2025-12-15T11:16:47","guid":{"rendered":"https:\/\/vinasfm.com\/noticias\/?p=156264"},"modified":"2025-12-16T09:32:41","modified_gmt":"2025-12-16T12:32:41","slug":"encendieron-el-pinito-de-navidad-en-la-plaza-carlos-maria-de-alvear","status":"publish","type":"post","link":"https:\/\/vinasfm.com\/noticias\/encendieron-el-pinito-de-navidad-en-la-plaza-carlos-maria-de-alvear\/","title":{"rendered":"ENCENDIERON EL PINITO DE NAVIDAD EN LA PLAZA CARLOS MAR\u00cdA DE ALVEAR"},"content":{"rendered":"<h4><span style=\"color: #003300;\"><strong>El s\u00e1bado por la noche se realiz\u00f3 el encendido del tradicional pinito de Navidad en la plaza Carlos Mar\u00eda de Alvear, una propuesta que convoc\u00f3 a vecinos y familias para compartir un momento de encuentro y celebraci\u00f3n en el inicio de las fiestas.<\/strong><\/span><\/h4>\n<p>La actividad cont\u00f3 con la participaci\u00f3n de la <em>Orquesta Alas del Viento<\/em>, integrada por alrededor de 40 m\u00fasicos, quienes interpretaron <em>Jingle Bell Rock<\/em>, una pieza especialmente preparada para la ocasi\u00f3n.<strong> La ejecuci\u00f3n musical acompa\u00f1\u00f3 el momento del encendido, generando un clima festivo entre los presentes.<\/strong><\/p>\n<p><span style=\"color: #003300;\"><strong>Emilce Jachoczuk<\/strong><\/span> explic\u00f3 que la presentaci\u00f3n fue pensada especialmente para acompa\u00f1ar el esp\u00edritu de la Navidad y destac\u00f3 el trabajo previo realizado por la orquesta. <strong><em>\u201cEstas expresiones art\u00edsticas llevan mucho tiempo de preparaci\u00f3n, pero estamos muy contentos con el resultado. Fue una interpretaci\u00f3n pensada para este momento tan significativo para la comunidad\u201d<\/em><\/strong>, expres\u00f3.<\/p>\n<p><a href=\"https:\/\/vinasfm.com\/noticias\/wp-content\/uploads\/2025\/12\/IMG-20251214-WA0014.jpg\"><img loading=\"lazy\" decoding=\"async\" class=\"alignnone  wp-image-156258\" src=\"https:\/\/vinasfm.com\/noticias\/wp-content\/uploads\/2025\/12\/IMG-20251214-WA0014-1024x682.jpg\" alt=\"\" width=\"365\" height=\"243\" srcset=\"https:\/\/vinasfm.com\/noticias\/wp-content\/uploads\/2025\/12\/IMG-20251214-WA0014-1024x682.jpg 1024w, https:\/\/vinasfm.com\/noticias\/wp-content\/uploads\/2025\/12\/IMG-20251214-WA0014-300x200.jpg 300w, https:\/\/vinasfm.com\/noticias\/wp-content\/uploads\/2025\/12\/IMG-20251214-WA0014-768x512.jpg 768w, https:\/\/vinasfm.com\/noticias\/wp-content\/uploads\/2025\/12\/IMG-20251214-WA0014-1536x1023.jpg 1536w, https:\/\/vinasfm.com\/noticias\/wp-content\/uploads\/2025\/12\/IMG-20251214-WA0014.jpg 1600w\" sizes=\"auto, (max-width: 365px) 100vw, 365px\" \/><\/a> <a href=\"https:\/\/vinasfm.com\/noticias\/wp-content\/uploads\/2025\/12\/IMG-20251214-WA0015.jpg\"><img loading=\"lazy\" decoding=\"async\" class=\"alignnone  wp-image-156257\" src=\"https:\/\/vinasfm.com\/noticias\/wp-content\/uploads\/2025\/12\/IMG-20251214-WA0015-1024x682.jpg\" alt=\"\" width=\"365\" height=\"243\" srcset=\"https:\/\/vinasfm.com\/noticias\/wp-content\/uploads\/2025\/12\/IMG-20251214-WA0015-1024x682.jpg 1024w, https:\/\/vinasfm.com\/noticias\/wp-content\/uploads\/2025\/12\/IMG-20251214-WA0015-300x200.jpg 300w, https:\/\/vinasfm.com\/noticias\/wp-content\/uploads\/2025\/12\/IMG-20251214-WA0015-768x512.jpg 768w, https:\/\/vinasfm.com\/noticias\/wp-content\/uploads\/2025\/12\/IMG-20251214-WA0015-1536x1023.jpg 1536w, https:\/\/vinasfm.com\/noticias\/wp-content\/uploads\/2025\/12\/IMG-20251214-WA0015.jpg 1600w\" sizes=\"auto, (max-width: 365px) 100vw, 365px\" \/><\/a><\/p>\n<p>Adem\u00e1s, remarc\u00f3 el valor simb\u00f3lico del encuentro y lo defini\u00f3 como una oportunidad para agradecer. <em><strong>\u201cMuchas veces nos acordamos de pedir, pero no tanto de agradecer. Este es un momento para dar gracias por todo lo bueno vivido durante el a\u00f1o, como orquesta, como escuela y como comunidad\u201d<\/strong><\/em>, se\u00f1al\u00f3.<\/p>\n<p>El encendido del pinito forma parte de una planificaci\u00f3n integral que contempla la ornamentaci\u00f3n navide\u00f1a en distintos puntos del departamento. La propuesta incluye la plaza central, avenidas principales y accesos a la ciudad, con decoraciones alusivas a la Navidad, con el objetivo de acompa\u00f1ar estas fechas y reforzar el esp\u00edritu festivo en toda la comunidad alvearense.<\/p>\n<p><a href=\"https:\/\/vinasfm.com\/noticias\/wp-content\/uploads\/2025\/12\/IMG-20251214-WA0017.jpg\"><img loading=\"lazy\" decoding=\"async\" class=\"alignnone  wp-image-156259\" src=\"https:\/\/vinasfm.com\/noticias\/wp-content\/uploads\/2025\/12\/IMG-20251214-WA0017-1024x682.jpg\" alt=\"\" width=\"365\" height=\"243\" srcset=\"https:\/\/vinasfm.com\/noticias\/wp-content\/uploads\/2025\/12\/IMG-20251214-WA0017-1024x682.jpg 1024w, https:\/\/vinasfm.com\/noticias\/wp-content\/uploads\/2025\/12\/IMG-20251214-WA0017-300x200.jpg 300w, https:\/\/vinasfm.com\/noticias\/wp-content\/uploads\/2025\/12\/IMG-20251214-WA0017-768x512.jpg 768w, https:\/\/vinasfm.com\/noticias\/wp-content\/uploads\/2025\/12\/IMG-20251214-WA0017-1536x1023.jpg 1536w, https:\/\/vinasfm.com\/noticias\/wp-content\/uploads\/2025\/12\/IMG-20251214-WA0017.jpg 1600w\" sizes=\"auto, (max-width: 365px) 100vw, 365px\" \/><\/a> <a href=\"https:\/\/vinasfm.com\/noticias\/wp-content\/uploads\/2025\/12\/IMG-20251214-WA0016.jpg\"><img loading=\"lazy\" decoding=\"async\" class=\"alignnone  wp-image-156256\" src=\"https:\/\/vinasfm.com\/noticias\/wp-content\/uploads\/2025\/12\/IMG-20251214-WA0016-1024x682.jpg\" alt=\"\" width=\"365\" height=\"243\" srcset=\"https:\/\/vinasfm.com\/noticias\/wp-content\/uploads\/2025\/12\/IMG-20251214-WA0016-1024x682.jpg 1024w, https:\/\/vinasfm.com\/noticias\/wp-content\/uploads\/2025\/12\/IMG-20251214-WA0016-300x200.jpg 300w, https:\/\/vinasfm.com\/noticias\/wp-content\/uploads\/2025\/12\/IMG-20251214-WA0016-768x512.jpg 768w, https:\/\/vinasfm.com\/noticias\/wp-content\/uploads\/2025\/12\/IMG-20251214-WA0016-1536x1023.jpg 1536w, https:\/\/vinasfm.com\/noticias\/wp-content\/uploads\/2025\/12\/IMG-20251214-WA0016.jpg 1600w\" sizes=\"auto, (max-width: 365px) 100vw, 365px\" \/><\/a><\/p>\n","protected":false},"excerpt":{"rendered":"<p>El s\u00e1bado por la noche se realiz\u00f3 el encendido del tradicional pinito de Navidad en la plaza Carlos Mar\u00eda de Alvear, &#8230;<\/p>\n","protected":false},"author":7,"featured_media":156260,"comment_status":"open","ping_status":"open","sticky":false,"template":"","format":"standard","meta":{"footnotes":""},"categories":[19,11],"tags":[],"class_list":["post-156264","post","type-post","status-publish","format-standard","has-post-thumbnail","hentry","category-cultura","category-sociales"],"_links":{"self":[{"href":"https:\/\/vinasfm.com\/noticias\/wp-json\/wp\/v2\/posts\/156264","targetHints":{"allow":["GET"]}}],"collection":[{"href":"https:\/\/vinasfm.com\/noticias\/wp-json\/wp\/v2\/posts"}],"about":[{"href":"https:\/\/vinasfm.com\/noticias\/wp-json\/wp\/v2\/types\/post"}],"author":[{"embeddable":true,"href":"https:\/\/vinasfm.com\/noticias\/wp-json\/wp\/v2\/users\/7"}],"replies":[{"embeddable":true,"href":"https:\/\/vinasfm.com\/noticias\/wp-json\/wp\/v2\/comments?post=156264"}],"version-history":[{"count":2,"href":"https:\/\/vinasfm.com\/noticias\/wp-json\/wp\/v2\/posts\/156264\/revisions"}],"predecessor-version":[{"id":156266,"href":"https:\/\/vinasfm.com\/noticias\/wp-json\/wp\/v2\/posts\/156264\/revisions\/156266"}],"wp:featuredmedia":[{"embeddable":true,"href":"https:\/\/vinasfm.com\/noticias\/wp-json\/wp\/v2\/media\/156260"}],"wp:attachment":[{"href":"https:\/\/vinasfm.com\/noticias\/wp-json\/wp\/v2\/media?parent=156264"}],"wp:term":[{"taxonomy":"category","embeddable":true,"href":"https:\/\/vinasfm.com\/noticias\/wp-json\/wp\/v2\/categories?post=156264"},{"taxonomy":"post_tag","embeddable":true,"href":"https:\/\/vinasfm.com\/noticias\/wp-json\/wp\/v2\/tags?post=156264"}],"curies":[{"name":"wp","href":"https:\/\/api.w.org\/{rel}","templated":true}]}}