{"id":156218,"date":"2025-12-12T09:32:26","date_gmt":"2025-12-12T12:32:26","guid":{"rendered":"https:\/\/vinasfm.com\/noticias\/?p=156218"},"modified":"2025-12-15T09:40:43","modified_gmt":"2025-12-15T12:40:43","slug":"colombo-colombo-avanza-en-un-ambicioso-proyecto-de-exportacion-de-ganado-en-pie","status":"publish","type":"post","link":"https:\/\/vinasfm.com\/noticias\/colombo-colombo-avanza-en-un-ambicioso-proyecto-de-exportacion-de-ganado-en-pie\/","title":{"rendered":"COLOMBO &#038; COLOMBO AVANZA EN UN AMBICIOSO PROYECTO DE EXPORTACI\u00d3N DE GANADO EN PIE\u00a0"},"content":{"rendered":"<h4><span style=\"color: #003300;\"><strong>En di\u00e1logo con FM VI\u00d1AS, Luciano Colombo, titular de la tradicional firma Colombo &amp; Colombo, brind\u00f3 detalles sobre los proyectos actuales de la empresa, su expansi\u00f3n a nivel nacional y el nuevo desaf\u00edo que encaran: la exportaci\u00f3n de hacienda en pie a mercados africanos, un rubro que podr\u00eda impulsar mejoras sanitarias y productivas en toda la ganader\u00eda argentina.<\/strong><\/span><\/h4>\n<p>Colombo destac\u00f3 el trabajo de su representante en General Alvear, <span style=\"color: #003366;\"><strong>\u00c1ngel Sosa<\/strong><\/span>, a quien defini\u00f3 como <strong><em>\u201cun gran conocedor de la hacienda y un caminador incansable de los campos de la regi\u00f3n\u201d<\/em><\/strong>. La empresa \u2014fundada en 1992 y con m\u00e1s de <strong>cuatro generaciones de trayectoria familiar<\/strong>\u2014 trabaja hist\u00f3ricamente con productores del sur mendocino, comercializando hacienda gorda, invernada y campos en todo el pa\u00eds.<\/p>\n<p>Si bien realizan remates presenciales espor\u00e1dicos, la firma opera principalmente mediante <strong>ventas directas<\/strong> y <strong>remates televisados<\/strong>, donde siempre incorporan hacienda de General Alvear y zonas aleda\u00f1as.<\/p>\n<p><em><strong>\u201cVenimos trabajando muy bien en toda Argentina. Contamos con m\u00e1s de 100 representantes desde Salta y Formosa hasta toda la regi\u00f3n pampeana, Mendoza, San Luis y La Pampa\u201d<\/strong><\/em>, explic\u00f3 Colombo.<\/p>\n<h2><strong>Primeros pasos en la exportaci\u00f3n de hacienda en pie<\/strong><\/h2>\n<p>La novedad m\u00e1s relevante es que la empresa ya realiz\u00f3 su <strong>primera exportaci\u00f3n de animales vivos<\/strong>, enviando recientemente <strong>vaquillonas pre\u00f1adas de tambo a Nigeria<\/strong>. Ahora avanzan en una negociaci\u00f3n para un embarque mucho m\u00e1s grande: <strong>un barco con alrededor de 8.000 cabezas rumbo al norte de \u00c1frica.<\/strong><\/p>\n<p><em><strong>\u201cEs un proyecto complejo, pero estamos entusiasmados. Estamos muy avanzados en las conversaciones\u201d<\/strong><\/em>, confirm\u00f3 Colombo.<\/p>\n<h3><strong>El desaf\u00edo: producir machos enteros para el mercado isl\u00e1mico<\/strong><\/h3>\n<p>El empresario explic\u00f3 que una de las principales dificultades surge porque los mercados isl\u00e1micos exigen <strong>hacienda entera<\/strong>, es decir, machos sin castrar. Argentina, a diferencia de Brasil o Uruguay, mantiene una tradici\u00f3n de castraci\u00f3n temprana, por lo que deber\u00e1n trabajar con productores para adaptar la oferta.<\/p>\n<p>Adem\u00e1s, Colombo explic\u00f3 las diferencias productivas:<\/p>\n<ul>\n<li>Un <strong>macho entero<\/strong> gana en promedio <strong>1,5 kg diarios<\/strong>,<\/li>\n<li>mientras que uno <strong>castrado<\/strong> sube alrededor de <strong>1,2 kg<\/strong>.<\/li>\n<\/ul>\n<p><em><strong>\u201cEs una hormona natural de crecimiento. La hacienda entera crece m\u00e1s, se engrasa m\u00e1s lento y permite poner m\u00e1s kilos\u201d<\/strong><\/em>, aclar\u00f3.<\/p>\n<p>M\u00e1s all\u00e1 del volumen exportado \u2014que ser\u00eda peque\u00f1o comparado con los 13 millones de cabezas que faena Argentina al a\u00f1o\u2014, Colombo remarc\u00f3 que este tipo de negocios obliga a adoptar <strong>protocolos sanitarios internacionales m\u00e1s exigentes<\/strong>, lo cual beneficia a toda la cadena ganadera.<\/p>\n<p><em><strong>\u201cSolo mejorando un punto la mortandad en los rodeos del pa\u00eds, ya hablamos de 500.000 cabezas m\u00e1s. Ese ser\u00eda el aporte real de este tipo de exportaci\u00f3n\u201d<\/strong><\/em>, indic\u00f3.<\/p>\n<p>Uruguay y Brasil, pa\u00edses con trazabilidad y protocolos estrictos, exportan entre <strong>400.000 y un mill\u00f3n de cabezas<\/strong> por a\u00f1o, respectivamente. Argentina, en cambio, a\u00fan se encuentra rezagada en ese aspecto.<\/p>\n<h3><strong>Cr\u00edticas a decisiones pasadas y necesidad de pol\u00edticas estables<\/strong><\/h3>\n<p>Colombo tambi\u00e9n se refiri\u00f3 a la implementaci\u00f3n de la <strong>caravana digital<\/strong>, herramienta clave para la trazabilidad individual del ganado. <em><strong>\u201cNo podemos seguir atrasando. Si el mundo lo pide, tenemos que adaptarnos. Tiene un costo, pero se recupera en los mercados que pagan m\u00e1s\u201d<\/strong><\/em>, afirm\u00f3.<\/p>\n<p>Durante la entrevista, Colombo volvi\u00f3 sobre las consecuencias del cierre de exportaciones aplicado en 2006 y 2007. <strong><em>\u201cFue un crimen ganadero. Se mataron 10 millones de cabezas y miles de productores abandonaron la actividad. Todav\u00eda lo estamos pagando\u201d<\/em><\/strong>, sentenci\u00f3.<\/p>\n<p>Subray\u00f3 que la falta de pol\u00edticas de Estado y los cambios constantes entre gobiernos perjudican cualquier intento de crecimiento sostenido. <strong><em>\u201cBrasil y Uruguay cambian de signo pol\u00edtico, pero nunca tocan las pol\u00edticas de exportaci\u00f3n. En Argentina es imposible planificar as\u00ed\u201d<\/em><\/strong>, lament\u00f3.<\/p>\n<p>El empresario mencion\u00f3 tambi\u00e9n la dif\u00edcil situaci\u00f3n clim\u00e1tica en el pa\u00eds: inundaciones en Buenos Aires y, al mismo tiempo, sequ\u00edas en zonas de La Pampa y San Luis.<strong><em> \u201cEstamos esperando que llueva urgente\u201d<\/em><\/strong>, afirm\u00f3.<\/p>\n<p>Finalmente, Colombo invit\u00f3 a productores de General Alvear y alrededores a consultar con su representante: <strong>\u201cLos esperamos para sumar hacienda a este pool de exportaci\u00f3n en pie\u201d<\/strong>, expres\u00f3, destacando el trabajo del reconocido consignatario <strong>\u00c1ngel Sosa<\/strong>.<\/p>\n<p>Para m\u00e1s informaci\u00f3n, la empresa pone a disposici\u00f3n su p\u00e1gina web:<br \/>\n&#x27a1;&#xfe0f; <strong><a href=\"https:\/\/t.co\/QQU3mfEVtn\">https:\/\/t.co\/QQU3mfEVtn<\/a><\/strong><\/p>\n<p>&nbsp;<\/p>\n","protected":false},"excerpt":{"rendered":"<p>En di\u00e1logo con FM VI\u00d1AS, Luciano Colombo, titular de la tradicional firma Colombo &amp; Colombo, brind\u00f3 detalles sobre los proyectos actuales &#8230;<\/p>\n","protected":false},"author":7,"featured_media":156219,"comment_status":"open","ping_status":"open","sticky":false,"template":"","format":"standard","meta":{"footnotes":""},"categories":[5,10],"tags":[],"class_list":["post-156218","post","type-post","status-publish","format-standard","has-post-thumbnail","hentry","category-actualidad","category-destacadas"],"_links":{"self":[{"href":"https:\/\/vinasfm.com\/noticias\/wp-json\/wp\/v2\/posts\/156218","targetHints":{"allow":["GET"]}}],"collection":[{"href":"https:\/\/vinasfm.com\/noticias\/wp-json\/wp\/v2\/posts"}],"about":[{"href":"https:\/\/vinasfm.com\/noticias\/wp-json\/wp\/v2\/types\/post"}],"author":[{"embeddable":true,"href":"https:\/\/vinasfm.com\/noticias\/wp-json\/wp\/v2\/users\/7"}],"replies":[{"embeddable":true,"href":"https:\/\/vinasfm.com\/noticias\/wp-json\/wp\/v2\/comments?post=156218"}],"version-history":[{"count":2,"href":"https:\/\/vinasfm.com\/noticias\/wp-json\/wp\/v2\/posts\/156218\/revisions"}],"predecessor-version":[{"id":156233,"href":"https:\/\/vinasfm.com\/noticias\/wp-json\/wp\/v2\/posts\/156218\/revisions\/156233"}],"wp:featuredmedia":[{"embeddable":true,"href":"https:\/\/vinasfm.com\/noticias\/wp-json\/wp\/v2\/media\/156219"}],"wp:attachment":[{"href":"https:\/\/vinasfm.com\/noticias\/wp-json\/wp\/v2\/media?parent=156218"}],"wp:term":[{"taxonomy":"category","embeddable":true,"href":"https:\/\/vinasfm.com\/noticias\/wp-json\/wp\/v2\/categories?post=156218"},{"taxonomy":"post_tag","embeddable":true,"href":"https:\/\/vinasfm.com\/noticias\/wp-json\/wp\/v2\/tags?post=156218"}],"curies":[{"name":"wp","href":"https:\/\/api.w.org\/{rel}","templated":true}]}}