{"id":156136,"date":"2025-12-10T21:42:13","date_gmt":"2025-12-11T00:42:13","guid":{"rendered":"https:\/\/vinasfm.com\/noticias\/?p=156136"},"modified":"2025-12-11T10:38:03","modified_gmt":"2025-12-11T13:38:03","slug":"operativo-contra-abigeato-en-general-alvear-decomisan-cuatrocientos-kilos-de-carne-en-mal-estado","status":"publish","type":"post","link":"https:\/\/vinasfm.com\/noticias\/operativo-contra-abigeato-en-general-alvear-decomisan-cuatrocientos-kilos-de-carne-en-mal-estado\/","title":{"rendered":"OPERATIVO CONTRA ABIGEATO EN GENERAL ALVEAR: DECOMISAN CUATROCIENTOS KILOS DE CARNE EN MAL ESTADO"},"content":{"rendered":"<p>La intervenci\u00f3n se enmarca en el plan estrat\u00e9gico provincial del Ministerio de Seguridad y Justicia, con controles orientados a garantizar condiciones sanitarias adecuadas en comercios y puntos de venta.<\/p>\n<p>La acci\u00f3n forma parte del plan estrat\u00e9gico provincial impulsado por el Ministerio de Seguridad y Justicia, en un control que incluy\u00f3 la inspecci\u00f3n de un comercio y la verificaci\u00f3n de las condiciones de conservaci\u00f3n de la mercader\u00eda, finalmente declarada no apta para el consumo.<\/p>\n<p>&nbsp;<\/p>\n<p>En un nuevo operativo enmarcado en el plan estrat\u00e9gico contra el abigeato, la Polic\u00eda Rural decomis\u00f3 alrededor de 400 kilos de productos c\u00e1rnicos que no cumpl\u00edan con las condiciones sanitarias necesarias para su venta en General Alvear.<\/p>\n<p>&nbsp;<\/p>\n<p>El procedimiento se llev\u00f3 a cabo en un comercio ubicado en calle Alvear Norte, donde personal policial actu\u00f3 junto con el \u00e1rea de Bromatolog\u00eda de la Municipalidad de General Alvear. Durante la inspecci\u00f3n, los efectivos entrevistaron al propietario, un hombre de 68 a\u00f1os, y en la parte trasera del local, dentro de un equipo de congelaci\u00f3n, hallaron aproximadamente 400 kilos de productos c\u00e1rnicos congelados.<\/p>\n<p>&nbsp;<\/p>\n<p>Tras la verificaci\u00f3n t\u00e9cnica correspondiente, se determin\u00f3 que la mercader\u00eda no estaba apta para el consumo humano y fue decomisada. Las actuaciones quedaron formalizadas en la fiscal\u00eda interviniente, conforme a lo previsto en el art\u00edculo 201 del C\u00f3digo Penal.<\/p>\n","protected":false},"excerpt":{"rendered":"<p>La intervenci\u00f3n se enmarca en el plan estrat\u00e9gico provincial del Ministerio de Seguridad y Justicia, con controles orientados a garantizar condiciones &#8230;<\/p>\n","protected":false},"author":7,"featured_media":156137,"comment_status":"open","ping_status":"open","sticky":false,"template":"","format":"standard","meta":{"footnotes":""},"categories":[1],"tags":[],"class_list":["post-156136","post","type-post","status-publish","format-standard","has-post-thumbnail","hentry","category-fmvinas"],"_links":{"self":[{"href":"https:\/\/vinasfm.com\/noticias\/wp-json\/wp\/v2\/posts\/156136","targetHints":{"allow":["GET"]}}],"collection":[{"href":"https:\/\/vinasfm.com\/noticias\/wp-json\/wp\/v2\/posts"}],"about":[{"href":"https:\/\/vinasfm.com\/noticias\/wp-json\/wp\/v2\/types\/post"}],"author":[{"embeddable":true,"href":"https:\/\/vinasfm.com\/noticias\/wp-json\/wp\/v2\/users\/7"}],"replies":[{"embeddable":true,"href":"https:\/\/vinasfm.com\/noticias\/wp-json\/wp\/v2\/comments?post=156136"}],"version-history":[{"count":1,"href":"https:\/\/vinasfm.com\/noticias\/wp-json\/wp\/v2\/posts\/156136\/revisions"}],"predecessor-version":[{"id":156138,"href":"https:\/\/vinasfm.com\/noticias\/wp-json\/wp\/v2\/posts\/156136\/revisions\/156138"}],"wp:featuredmedia":[{"embeddable":true,"href":"https:\/\/vinasfm.com\/noticias\/wp-json\/wp\/v2\/media\/156137"}],"wp:attachment":[{"href":"https:\/\/vinasfm.com\/noticias\/wp-json\/wp\/v2\/media?parent=156136"}],"wp:term":[{"taxonomy":"category","embeddable":true,"href":"https:\/\/vinasfm.com\/noticias\/wp-json\/wp\/v2\/categories?post=156136"},{"taxonomy":"post_tag","embeddable":true,"href":"https:\/\/vinasfm.com\/noticias\/wp-json\/wp\/v2\/tags?post=156136"}],"curies":[{"name":"wp","href":"https:\/\/api.w.org\/{rel}","templated":true}]}}