{"id":156036,"date":"2025-12-07T22:02:04","date_gmt":"2025-12-08T01:02:04","guid":{"rendered":"https:\/\/vinasfm.com\/noticias\/?p=156036"},"modified":"2025-12-09T10:01:37","modified_gmt":"2025-12-09T13:01:37","slug":"hallan-a-un-hombre-sin-vida-en-zona-rural-de-villa-atuel-investigan-las-causas-del-fallecimiento","status":"publish","type":"post","link":"https:\/\/vinasfm.com\/noticias\/hallan-a-un-hombre-sin-vida-en-zona-rural-de-villa-atuel-investigan-las-causas-del-fallecimiento\/","title":{"rendered":"HALLARON A UN HOMBRE SIN VIDA EN ZONA RURAL DE VILLA ATUEL: INVESTIGAN LAS CAUSAS DEL FALLECIMIENTO"},"content":{"rendered":"<h4><span style=\"color: #003300;\"><strong>En horas de la tarde de este domingo, un hombre mayor de edad fue encontrado sin vida en la zona rural de Villa Atuel, en inmediaciones de calle Almafuerte y Apague.<\/strong><\/span><\/h4>\n<p>El hallazgo motiv\u00f3 la intervenci\u00f3n inmediata de personal policial de la <strong>Comisar\u00eda 26<\/strong>, que trabaj\u00f3 en el resguardo de la escena y en las primeras actuaciones para establecer c\u00f3mo ocurri\u00f3 el hecho.<\/p>\n<p><strong>LaPolic\u00eda Cient\u00edfica<\/strong> y el <strong>gabinete judicial <\/strong>realizaron las pericias correspondientes con el fin de determinar las causas del fallecimiento. La investigaci\u00f3n permanece abierta y en desarrollo.<\/p>\n","protected":false},"excerpt":{"rendered":"<p>En horas de la tarde de este domingo, un hombre mayor de edad fue encontrado sin vida en la zona rural &#8230;<\/p>\n","protected":false},"author":7,"featured_media":156038,"comment_status":"open","ping_status":"open","sticky":false,"template":"","format":"standard","meta":{"footnotes":""},"categories":[10,4],"tags":[],"class_list":["post-156036","post","type-post","status-publish","format-standard","has-post-thumbnail","hentry","category-destacadas","category-policiales"],"_links":{"self":[{"href":"https:\/\/vinasfm.com\/noticias\/wp-json\/wp\/v2\/posts\/156036","targetHints":{"allow":["GET"]}}],"collection":[{"href":"https:\/\/vinasfm.com\/noticias\/wp-json\/wp\/v2\/posts"}],"about":[{"href":"https:\/\/vinasfm.com\/noticias\/wp-json\/wp\/v2\/types\/post"}],"author":[{"embeddable":true,"href":"https:\/\/vinasfm.com\/noticias\/wp-json\/wp\/v2\/users\/7"}],"replies":[{"embeddable":true,"href":"https:\/\/vinasfm.com\/noticias\/wp-json\/wp\/v2\/comments?post=156036"}],"version-history":[{"count":3,"href":"https:\/\/vinasfm.com\/noticias\/wp-json\/wp\/v2\/posts\/156036\/revisions"}],"predecessor-version":[{"id":156060,"href":"https:\/\/vinasfm.com\/noticias\/wp-json\/wp\/v2\/posts\/156036\/revisions\/156060"}],"wp:featuredmedia":[{"embeddable":true,"href":"https:\/\/vinasfm.com\/noticias\/wp-json\/wp\/v2\/media\/156038"}],"wp:attachment":[{"href":"https:\/\/vinasfm.com\/noticias\/wp-json\/wp\/v2\/media?parent=156036"}],"wp:term":[{"taxonomy":"category","embeddable":true,"href":"https:\/\/vinasfm.com\/noticias\/wp-json\/wp\/v2\/categories?post=156036"},{"taxonomy":"post_tag","embeddable":true,"href":"https:\/\/vinasfm.com\/noticias\/wp-json\/wp\/v2\/tags?post=156036"}],"curies":[{"name":"wp","href":"https:\/\/api.w.org\/{rel}","templated":true}]}}