{"id":156021,"date":"2025-12-08T08:55:08","date_gmt":"2025-12-08T11:55:08","guid":{"rendered":"https:\/\/vinasfm.com\/noticias\/?p=156021"},"modified":"2025-12-09T10:01:04","modified_gmt":"2025-12-09T13:01:04","slug":"abren-las-inscripciones-para-bailarines-y-actores-aspirantes-a-participar-en-calendario-vendimia-2026","status":"publish","type":"post","link":"https:\/\/vinasfm.com\/noticias\/abren-las-inscripciones-para-bailarines-y-actores-aspirantes-a-participar-en-calendario-vendimia-2026\/","title":{"rendered":"ABREN LAS INSCRIPCIONES PARA BAILARINES Y ACTORES ASPIRANTES A PARTICIPAR EN CALENDARIO VENDIMIA 2026"},"content":{"rendered":"<h4 class=\"wp-block-heading\"><strong><span style=\"color: #003300;\">Las inscripciones se recibir\u00e1n desde este viernes 5 al martes 9 de diciembre de 2025 y los resultados ser\u00e1n publicados el 30 de diciembre a partir de las 16.<\/span><\/strong><\/h4>\n<p>La <strong>Direcci\u00f3n de Vendimia y Producci\u00f3n Cultural<\/strong>, de la Subsecretar\u00eda de Cultura, dependiente del <strong>Ministerio de Educaci\u00f3n, Cultura Infancias y DGE<\/strong>, informa el inicio de inscripciones y audiciones de artistas aspirantes a participar de Calendario Vendimia 2026, que incluye Paseo Federal y Bendici\u00f3n de los Frutos, que se realizar\u00e1 el 27 de febrero en Lavalle.<\/p>\n<p><strong>Informaci\u00f3n general<\/strong><\/p>\n<p>Cargos a contratar calendario vendimia 2026:<\/p>\n<ul class=\"wp-block-list\">\n<li>100 bailarines\/as folcl\u00f3ricos<\/li>\n<li>8 bailarines\/as folcl\u00f3ricos adultos (51 a 65 a\u00f1os)<\/li>\n<li>50 bailarines\/as contempor\u00e1neos<\/li>\n<li>60 actores y actrices<\/li>\n<\/ul>\n<p><strong>Resulta un total de 218 artistas<\/strong><\/p>\n<p>El monto cachet establecido para artistas actores y bailarines es de $1.500.000 (pesos un mill\u00f3n quinientos mil).<\/p>\n<p>Per\u00edodo y modo de inscripci\u00f3n de todas las categor\u00edas:<\/p>\n<p>Desde el viernes 5 al martes 9 de diciembre de 2025, a las 23.59, a trav\u00e9s de p\u00e1gina web oficial.<\/p>\n<p>Para conocer las bases y realizar inscripciones ingrese\u00a0<a href=\"https:\/\/www.mendoza.gob.ar\/noticias\/inscripciones-bailarines-y-actores-aspirantes-a-participar-de-calendario-vendimia-2026\/\">aqu\u00ed<\/a>.<\/p>\n","protected":false},"excerpt":{"rendered":"<p>Las inscripciones se recibir\u00e1n desde este viernes 5 al martes 9 de diciembre de 2025 y los resultados ser\u00e1n publicados el &#8230;<\/p>\n","protected":false},"author":7,"featured_media":156022,"comment_status":"open","ping_status":"open","sticky":false,"template":"","format":"standard","meta":{"footnotes":""},"categories":[19,25],"tags":[],"class_list":["post-156021","post","type-post","status-publish","format-standard","has-post-thumbnail","hentry","category-cultura","category-vendimia"],"_links":{"self":[{"href":"https:\/\/vinasfm.com\/noticias\/wp-json\/wp\/v2\/posts\/156021","targetHints":{"allow":["GET"]}}],"collection":[{"href":"https:\/\/vinasfm.com\/noticias\/wp-json\/wp\/v2\/posts"}],"about":[{"href":"https:\/\/vinasfm.com\/noticias\/wp-json\/wp\/v2\/types\/post"}],"author":[{"embeddable":true,"href":"https:\/\/vinasfm.com\/noticias\/wp-json\/wp\/v2\/users\/7"}],"replies":[{"embeddable":true,"href":"https:\/\/vinasfm.com\/noticias\/wp-json\/wp\/v2\/comments?post=156021"}],"version-history":[{"count":1,"href":"https:\/\/vinasfm.com\/noticias\/wp-json\/wp\/v2\/posts\/156021\/revisions"}],"predecessor-version":[{"id":156023,"href":"https:\/\/vinasfm.com\/noticias\/wp-json\/wp\/v2\/posts\/156021\/revisions\/156023"}],"wp:featuredmedia":[{"embeddable":true,"href":"https:\/\/vinasfm.com\/noticias\/wp-json\/wp\/v2\/media\/156022"}],"wp:attachment":[{"href":"https:\/\/vinasfm.com\/noticias\/wp-json\/wp\/v2\/media?parent=156021"}],"wp:term":[{"taxonomy":"category","embeddable":true,"href":"https:\/\/vinasfm.com\/noticias\/wp-json\/wp\/v2\/categories?post=156021"},{"taxonomy":"post_tag","embeddable":true,"href":"https:\/\/vinasfm.com\/noticias\/wp-json\/wp\/v2\/tags?post=156021"}],"curies":[{"name":"wp","href":"https:\/\/api.w.org\/{rel}","templated":true}]}}