{"id":156002,"date":"2025-12-05T12:04:17","date_gmt":"2025-12-05T15:04:17","guid":{"rendered":"https:\/\/vinasfm.com\/noticias\/?p=156002"},"modified":"2025-12-08T09:50:47","modified_gmt":"2025-12-08T12:50:47","slug":"becas-progresar-cuando-y-cuanto-cobro-en-diciembre-2025","status":"publish","type":"post","link":"https:\/\/vinasfm.com\/noticias\/becas-progresar-cuando-y-cuanto-cobro-en-diciembre-2025\/","title":{"rendered":"BECAS PROGRESAR: CU\u00c1NDO Y CUANT\u00d3 COBRO EN DICIEMBRE 2025"},"content":{"rendered":"<h4><strong>La ANSES dio a conocer los detalles del programa Progresar de diciembre. Enterate cu\u00e1ndo cobrar\u00e1s y cu\u00e1nto te corresponde recibir.<\/strong><\/h4>\n<p>La\u00a0<strong>Administraci\u00f3n Nacional de la Seguridad Social<\/strong>\u00a0(<strong>ANSES<\/strong>) public\u00f3 la informaci\u00f3n oficial sobre el\u00a0<strong>programa\u00a0<a href=\"https:\/\/www.sitioandino.com.ar\/progresar-a4668\" target=\"_blank\" rel=\"follow noopener\">Progresar<\/a><\/strong>\u00a0correspondiente al mes de\u00a0<strong>diciembre<\/strong>. En esta nota te contamos todo lo que deb\u00e9s saber sobre las\u00a0<strong>fechas de cobro y el monto exacto que se pagar\u00e1<\/strong>.<\/p>\n<h2>Fechas y montos de cobro de las Becas Progresar de diciembre 2025<\/h2>\n<p>El \u00ab<strong>Progresar<\/strong>\u00ab, conocido antiguamente como \u00abBecas Progresar\u00bb, es un beneficio que busca<strong>\u00a0incentivar a los j\u00f3venes a finalizar sus estudios y continuar su formaci\u00f3n profesional<\/strong>.<\/p>\n<article class=\"article-body article-body--second-paragraph\">Todos los titulares del programa recibir\u00e1n en\u00a0<strong>diciembre\u00a0<\/strong>un monto de\u00a0<strong data-start=\"129\" data-end=\"140\">$35.000<\/strong>, aunque se les depositar\u00e1 inicialmente solo el\u00a0<strong data-start=\"188\" data-end=\"195\">80%<\/strong>\u00a0(es decir,\u00a0<strong data-start=\"207\" data-end=\"218\">$28.000<\/strong>). El\u00a0<strong data-start=\"224\" data-end=\"240\">20% restante<\/strong>\u00a0se paga a finales de este a\u00f1o, una vez que el beneficiario presenta la documentaci\u00f3n que acredita la regularidad en la cursada.<\/article>\n<article class=\"article-body article-body--second-paragraph\">A continuaci\u00f3n, te presentamos el\u00a0<strong>calendario de pagos<\/strong>\u00a0correspondiente a este mes:<\/article>\n<article class=\"article-body article-body--third-paragraph\">\n<ul class=\"\">\n<li><strong>Documentos terminados en 0 y 1<\/strong>: lunes 15 de diciembre<\/li>\n<li><strong>Documentos terminados en 2 y 3<\/strong>: martes 16 de diciembre<\/li>\n<li><strong>Documentos terminados en 4 y 5<\/strong>: mi\u00e9rcoles 17 de diciembre<\/li>\n<li><strong>Documentos terminados en 6 y 7<\/strong>: jueves 18 de diciembre<\/li>\n<li><strong>Documentos terminados en 8 y 9<\/strong>: viernes 19 de diciembre<\/li>\n<\/ul>\n<h2 class=\"\">C\u00f3mo saber si cobr\u00e1s las Becas Progresar en diciembre<\/h2>\n<p data-start=\"57\" data-end=\"170\">Para verificar si el beneficio sigue vigente, los estudiantes pueden hacerlo a trav\u00e9s de las siguientes\u00a0<strong>opciones<\/strong>:<\/p>\n<ul class=\"\">\n<li class=\"\"><strong>Mi ANSES:<\/strong>\u00a0ingresando con CUIL y clave en la secci\u00f3n \u201cMis Cobros\u201d, donde se informa la acreditaci\u00f3n del pago y la fecha correspondiente.<\/li>\n<li class=\"\"><strong>Mi Argentina:<\/strong>\u00a0accediendo con datos personales para verificar si el dep\u00f3sito fue realizado.<\/li>\n<\/ul>\n<p>Si quer\u00e9s conocer todas las\u00a0<strong><a href=\"https:\/\/www.sitioandino.com.ar\/seccion\/economia\" target=\"_blank\" rel=\"follow noopener\">novedades econ\u00f3micas, tanto provinciales como nacionales, hac\u00e9 clic aqu\u00ed<\/a><\/strong>\u00a0y mantenete siempre informado.<\/p>\n<\/article>\n","protected":false},"excerpt":{"rendered":"<p>La ANSES dio a conocer los detalles del programa Progresar de diciembre. Enterate cu\u00e1ndo cobrar\u00e1s y cu\u00e1nto te corresponde recibir. La\u00a0Administraci\u00f3n &#8230;<\/p>\n","protected":false},"author":7,"featured_media":68188,"comment_status":"open","ping_status":"open","sticky":false,"template":"","format":"standard","meta":{"footnotes":""},"categories":[5,10],"tags":[],"class_list":["post-156002","post","type-post","status-publish","format-standard","has-post-thumbnail","hentry","category-actualidad","category-destacadas"],"_links":{"self":[{"href":"https:\/\/vinasfm.com\/noticias\/wp-json\/wp\/v2\/posts\/156002","targetHints":{"allow":["GET"]}}],"collection":[{"href":"https:\/\/vinasfm.com\/noticias\/wp-json\/wp\/v2\/posts"}],"about":[{"href":"https:\/\/vinasfm.com\/noticias\/wp-json\/wp\/v2\/types\/post"}],"author":[{"embeddable":true,"href":"https:\/\/vinasfm.com\/noticias\/wp-json\/wp\/v2\/users\/7"}],"replies":[{"embeddable":true,"href":"https:\/\/vinasfm.com\/noticias\/wp-json\/wp\/v2\/comments?post=156002"}],"version-history":[{"count":2,"href":"https:\/\/vinasfm.com\/noticias\/wp-json\/wp\/v2\/posts\/156002\/revisions"}],"predecessor-version":[{"id":156034,"href":"https:\/\/vinasfm.com\/noticias\/wp-json\/wp\/v2\/posts\/156002\/revisions\/156034"}],"wp:featuredmedia":[{"embeddable":true,"href":"https:\/\/vinasfm.com\/noticias\/wp-json\/wp\/v2\/media\/68188"}],"wp:attachment":[{"href":"https:\/\/vinasfm.com\/noticias\/wp-json\/wp\/v2\/media?parent=156002"}],"wp:term":[{"taxonomy":"category","embeddable":true,"href":"https:\/\/vinasfm.com\/noticias\/wp-json\/wp\/v2\/categories?post=156002"},{"taxonomy":"post_tag","embeddable":true,"href":"https:\/\/vinasfm.com\/noticias\/wp-json\/wp\/v2\/tags?post=156002"}],"curies":[{"name":"wp","href":"https:\/\/api.w.org\/{rel}","templated":true}]}}