{"id":155984,"date":"2025-12-05T10:57:09","date_gmt":"2025-12-05T13:57:09","guid":{"rendered":"https:\/\/vinasfm.com\/noticias\/?p=155984"},"modified":"2025-12-08T09:53:28","modified_gmt":"2025-12-08T12:53:28","slug":"el-arbol-frutal-que-crece-en-maceta-brinda-una-sombra-refrescante-y-es-un-iman-para-la-buena-suerte-y-abundancia","status":"publish","type":"post","link":"https:\/\/vinasfm.com\/noticias\/el-arbol-frutal-que-crece-en-maceta-brinda-una-sombra-refrescante-y-es-un-iman-para-la-buena-suerte-y-abundancia\/","title":{"rendered":"EL \u00c1RBOL FRUTAL QUE CRECE EN MACETA, BRINDA UNA SOMBRA REFRESCANTE Y ES UN IM\u00c1N PARA LA BUENA SUERTE Y ABUNDANCIA"},"content":{"rendered":"<h4><span style=\"color: #003300;\"><strong>Descubre cu\u00e1l es el \u00e1rbol frutal que podr\u00e1s tener en maceta, tanto en la terraza como en el balc\u00f3n o en cualquier rinc\u00f3n del jard\u00edn.<\/strong><\/span><\/h4>\n<div class=\"article-body first\">\n<div class=\"article-content\">\n<div class=\"cuerpo\" data-twitter-link=\"\">\n<p>Cultivar un\u00a0<strong>\u00e1rbol\u00a0<\/strong>en esta \u00e9poca es clave pensando en los beneficios que nos puede dar a corto y largo plazo. En este caso, te mencionar\u00e9 una\u00a0<strong>planta\u00a0<\/strong>frutal que crece en\u00a0<strong>maceta,<\/strong>\u00a0desarrolla una sombra refrescante y adem\u00e1s, seg\u00fan el\u00a0<strong>Feng Shui<\/strong>, tiene beneficios energ\u00e9ticos, permiti\u00e9ndonos atraer\u00a0<strong>buena suerte<\/strong>\u00a0y\u00a0<strong>abundancia\u00a0<\/strong>a nuestra vida.<\/p>\n<\/div>\n<\/div>\n<\/div>\n<div class=\"article-body\">\n<div class=\"article-content\">\n<div class=\"cuerpo\" data-twitter-link=\"\">\n<h2>\u00bfCu\u00e1l es el \u00e1rbol frutal que deber\u00e1s sembrar para atraer buena suerte y abundancia?<\/h2>\n<p>Si ten\u00e9s un vivero cerca y est\u00e1s pensando en cultivar una\u00a0<strong>planta<\/strong>,\u00a0tanto en el jard\u00edn como en la terraza, la recomendaci\u00f3n de los especialistas es comprar un mandarino y colocarlo en una\u00a0<strong>maceta<\/strong>. Este\u00a0<strong>\u00e1rbol frutal<\/strong>, con una poda controlada, puede crecer entre 2 y 3 metros de altura, por lo que no ser\u00e1 problema para el exterior.<\/p>\n<p>El mandarino es una\u00a0<strong>planta\u00a0<\/strong>que crece r\u00e1pidamente, por lo que si ya compramos el\u00a0<strong>\u00e1rbol<\/strong>\u00a0<strong>frutal\u00a0<\/strong>en el vivero y no tenemos que sembrar su semilla, nos garantizaremos un verano con una sombra refrescante.<\/p>\n<p>Lo \u00fanico a considerar es que esta especie necesita un suelo bien drenado y que sea rico en nitr\u00f3geno y potasio. Respecto al tama\u00f1o de su\u00a0<strong>maceta<\/strong>, la misma debe tener una capacidad de al menos 50 litros, para que las ra\u00edces crezcan sin problema alguno.<\/p>\n<p><img loading=\"lazy\" decoding=\"async\" class=\"aligncenter\" src=\"https:\/\/media.diariouno.com.ar\/p\/3ab64dc108a1af475f3558747bd9910a\/adjuntos\/298\/imagenes\/009\/667\/0009667187\/1200x0\/smart\/mandarino-arbol-frutal-maceta.jpg\" alt=\"Este &amp;aacute;rbol frutal puede crecer hasta 3 metros con una poda controlada.\" width=\"550\" height=\"821\" \/><\/p>\n<p>Antes de trasplantar el mandarino de la\u00a0<strong>maceta\u00a0<\/strong>del vivero a tu maceta, tendr\u00e1s que colocar algunas piedras en el fondo para que el agua del riego drene perfectamente, evitando el encharcamiento. Luego, introducir el\u00a0<strong>\u00e1rbol frutal\u00a0<\/strong>cuidadosamente, usar un sustrato especial para c\u00edtricos y cubrir la ra\u00edz complemente hasta el borde del recipiente.<\/p>\n<p>Para que la\u00a0<strong>planta\u00a0<\/strong>crezca de forma saludable y a gran velocidad, ser\u00e1 necesario regarla cada vez que la tierra est\u00e9 semi seca. Luego de trasplantarlo se sugiere hidratar dos veces al d\u00eda durante dos semanas. Despu\u00e9s, regar solamente una vez por semana o cada vez que el sustrato est\u00e9 seco. Adem\u00e1s, la\u00a0<strong>maceta\u00a0<\/strong>del\u00a0<strong>\u00e1rbol frutal\u00a0<\/strong>debe estar orientada hacia el sol y resguardada del viento.<\/p>\n<p>Si cuid\u00e1s el\u00a0<strong>\u00e1rbol frutal\u00a0<\/strong>de esta forma, no solo te asegurar\u00e1s una hermosa\u00a0<strong>planta\u00a0<\/strong>en\u00a0<strong>maceta\u00a0<\/strong>que te dar\u00e1 frutos y una sombra refrescante, sino que tambi\u00e9n podr\u00e1s aprovechar sus propiedades energ\u00e9ticas.<\/p>\n<p>Seg\u00fan el\u00a0<strong>Feng Shui<\/strong>, las frutas redondas y doradas de este\u00a0<strong>\u00e1rbol frutal\u00a0<\/strong>representan la\u00a0<strong>abundancia<\/strong>, la fortuna y la\u00a0<strong>buena<\/strong>\u00a0<strong>suerte<\/strong>. Adem\u00e1s, su color activa la energ\u00eda del Fuego, impulsando la vitalidad.<\/p>\n<\/div>\n<\/div>\n<\/div>\n","protected":false},"excerpt":{"rendered":"<p>Descubre cu\u00e1l es el \u00e1rbol frutal que podr\u00e1s tener en maceta, tanto en la terraza como en el balc\u00f3n o en &#8230;<\/p>\n","protected":false},"author":7,"featured_media":155985,"comment_status":"open","ping_status":"open","sticky":false,"template":"","format":"standard","meta":{"footnotes":""},"categories":[5,11],"tags":[],"class_list":["post-155984","post","type-post","status-publish","format-standard","has-post-thumbnail","hentry","category-actualidad","category-sociales"],"_links":{"self":[{"href":"https:\/\/vinasfm.com\/noticias\/wp-json\/wp\/v2\/posts\/155984","targetHints":{"allow":["GET"]}}],"collection":[{"href":"https:\/\/vinasfm.com\/noticias\/wp-json\/wp\/v2\/posts"}],"about":[{"href":"https:\/\/vinasfm.com\/noticias\/wp-json\/wp\/v2\/types\/post"}],"author":[{"embeddable":true,"href":"https:\/\/vinasfm.com\/noticias\/wp-json\/wp\/v2\/users\/7"}],"replies":[{"embeddable":true,"href":"https:\/\/vinasfm.com\/noticias\/wp-json\/wp\/v2\/comments?post=155984"}],"version-history":[{"count":1,"href":"https:\/\/vinasfm.com\/noticias\/wp-json\/wp\/v2\/posts\/155984\/revisions"}],"predecessor-version":[{"id":155986,"href":"https:\/\/vinasfm.com\/noticias\/wp-json\/wp\/v2\/posts\/155984\/revisions\/155986"}],"wp:featuredmedia":[{"embeddable":true,"href":"https:\/\/vinasfm.com\/noticias\/wp-json\/wp\/v2\/media\/155985"}],"wp:attachment":[{"href":"https:\/\/vinasfm.com\/noticias\/wp-json\/wp\/v2\/media?parent=155984"}],"wp:term":[{"taxonomy":"category","embeddable":true,"href":"https:\/\/vinasfm.com\/noticias\/wp-json\/wp\/v2\/categories?post=155984"},{"taxonomy":"post_tag","embeddable":true,"href":"https:\/\/vinasfm.com\/noticias\/wp-json\/wp\/v2\/tags?post=155984"}],"curies":[{"name":"wp","href":"https:\/\/api.w.org\/{rel}","templated":true}]}}