{"id":155975,"date":"2025-12-05T09:35:47","date_gmt":"2025-12-05T12:35:47","guid":{"rendered":"https:\/\/vinasfm.com\/noticias\/?p=155975"},"modified":"2025-12-05T12:04:16","modified_gmt":"2025-12-05T15:04:16","slug":"profesores-de-la-universidad-tres-de-febrero-realizan-las-ultimas-evaluaciones-del-ano-a-estudiantes-de-enfermeria-en-el-sum-de-cecsagal","status":"publish","type":"post","link":"https:\/\/vinasfm.com\/noticias\/profesores-de-la-universidad-tres-de-febrero-realizan-las-ultimas-evaluaciones-del-ano-a-estudiantes-de-enfermeria-en-el-sum-de-cecsagal\/","title":{"rendered":"PROFESORES DE LA UNIVERSIDAD TRES DE FEBRERO REALIZAN LAS \u00daLTIMAS EVALUACIONES DEL A\u00d1O A ESTUDIANTES DE ENFERMER\u00cdA EN EL SUM DE CECSAGAL"},"content":{"rendered":"<h4><span style=\"color: #003300;\"><strong>En el SUM de Cecsagal, docentes de la Universidad Nacional de Tres de Febrero (UNTREF) llevan adelante las \u00faltimas evaluaciones del ciclo acad\u00e9mico 2025 para los estudiantes de la Licenciatura en Enfermer\u00eda, carrera que se dicta en General Alvear gracias al convenio entre la Universidad, la Municipalidad y Cecsagal.<\/strong><\/span><\/h4>\n<p>En di\u00e1logo con <span style=\"color: #993366;\"><strong>FM VI\u00d1AS<\/strong><\/span>, el <em>director de Educaci\u00f3n<\/em>, <span style=\"color: #003366;\"><strong>Jos\u00e9 Mor\u00e1n<\/strong><\/span>, expres\u00f3 su satisfacci\u00f3n por el avance de la formaci\u00f3n profesional en el departamento: <strong><em>\u201cPara nosotros es sumamente agradable tenerlos ac\u00e1 y ver c\u00f3mo hemos podido avanzar en esta carrera. Hoy contamos con profesionales que van a salir formados gracias a este convenio que firmamos hace un tiempo con la Universidad. Esto nos permitir\u00e1 elevar la calidad y formaci\u00f3n de los profesionales de la salud en General Alvear\u201d<\/em><\/strong>, se\u00f1al\u00f3.<\/p>\n<p>Mor\u00e1n destac\u00f3 que estas evaluaciones constituyen los \u00faltimos pasos antes del cierre formal del a\u00f1o acad\u00e9mico.<\/p>\n<p>Por su parte,<span style=\"color: #003366;\"> <strong>Luis Cardozo<\/strong><\/span>, coordinador y profesor de la UNTREF, detall\u00f3 el trabajo realizado durante la jornada: <strong><em>\u201cEn el transcurso de la ma\u00f1ana se tom\u00f3 examen de una materia espec\u00edfica de gesti\u00f3n. Esta asignatura apunta a reconocer qu\u00e9 herramientas administrativas pueden implementar los futuros licenciados para hacer m\u00e1s eficiente el desarrollo del cuidado de la salud, mejorando la calidad de atenci\u00f3n a la comunidad\u201d<\/em>.<\/strong><\/p>\n<p>Cardozo explic\u00f3 que la Licenciatura en Enfermer\u00eda se cursa en dos tramos:<\/p>\n<ul>\n<li><strong>Primer ciclo:<\/strong> tres a\u00f1os<\/li>\n<li><strong>Segundo ciclo:<\/strong> dos a\u00f1os<\/li>\n<\/ul>\n<p>La materia evaluada corresponde al <strong>quinto a\u00f1o<\/strong>, primer cuatrimestre. Tras un cuatrimestre m\u00e1s, l<em>os enfermeros que ya ejercen en el \u00e1mbito local podr\u00e1n completar su formaci\u00f3n y recibir el t\u00edtulo de <strong>Licenciados en Enfermer\u00eda<\/strong><\/em>, adquiriendo nuevas herramientas para fortalecer su pr\u00e1ctica profesional.<\/p>\n<p>El profesor se\u00f1al\u00f3 que el n\u00famero de estudiantes se ha mantenido estable desde el inicio de la cohorte, lo que permite garantizar una formaci\u00f3n s\u00f3lida y un aporte significativo al sistema de salud local.<\/p>\n<p>En cuanto a la metodolog\u00eda evaluativa, detall\u00f3: <strong><em>\u201cLa modalidad de examen es multiple choice y tambi\u00e9n resoluci\u00f3n de problemas o situaciones reales que se les presentan a los estudiantes. Buscamos reconocer los conocimientos adquiridos durante la cursada y su aplicaci\u00f3n en contextos concretos\u201d<\/em><\/strong>.<\/p>\n<p>Con estas instancias finales, la carrera se encamina a concluir un nuevo a\u00f1o acad\u00e9mico, consolidando la formaci\u00f3n de futuros profesionales que fortalecer\u00e1n la atenci\u00f3n sanitaria en General Alvear.<\/p>\n<p>&nbsp;<\/p>\n<p>&nbsp;<\/p>\n","protected":false},"excerpt":{"rendered":"<p>En el SUM de Cecsagal, docentes de la Universidad Nacional de Tres de Febrero (UNTREF) llevan adelante las \u00faltimas evaluaciones del &#8230;<\/p>\n","protected":false},"author":7,"featured_media":155977,"comment_status":"open","ping_status":"open","sticky":false,"template":"","format":"standard","meta":{"footnotes":""},"categories":[5,18],"tags":[],"class_list":["post-155975","post","type-post","status-publish","format-standard","has-post-thumbnail","hentry","category-actualidad","category-educacion"],"_links":{"self":[{"href":"https:\/\/vinasfm.com\/noticias\/wp-json\/wp\/v2\/posts\/155975","targetHints":{"allow":["GET"]}}],"collection":[{"href":"https:\/\/vinasfm.com\/noticias\/wp-json\/wp\/v2\/posts"}],"about":[{"href":"https:\/\/vinasfm.com\/noticias\/wp-json\/wp\/v2\/types\/post"}],"author":[{"embeddable":true,"href":"https:\/\/vinasfm.com\/noticias\/wp-json\/wp\/v2\/users\/7"}],"replies":[{"embeddable":true,"href":"https:\/\/vinasfm.com\/noticias\/wp-json\/wp\/v2\/comments?post=155975"}],"version-history":[{"count":2,"href":"https:\/\/vinasfm.com\/noticias\/wp-json\/wp\/v2\/posts\/155975\/revisions"}],"predecessor-version":[{"id":155978,"href":"https:\/\/vinasfm.com\/noticias\/wp-json\/wp\/v2\/posts\/155975\/revisions\/155978"}],"wp:featuredmedia":[{"embeddable":true,"href":"https:\/\/vinasfm.com\/noticias\/wp-json\/wp\/v2\/media\/155977"}],"wp:attachment":[{"href":"https:\/\/vinasfm.com\/noticias\/wp-json\/wp\/v2\/media?parent=155975"}],"wp:term":[{"taxonomy":"category","embeddable":true,"href":"https:\/\/vinasfm.com\/noticias\/wp-json\/wp\/v2\/categories?post=155975"},{"taxonomy":"post_tag","embeddable":true,"href":"https:\/\/vinasfm.com\/noticias\/wp-json\/wp\/v2\/tags?post=155975"}],"curies":[{"name":"wp","href":"https:\/\/api.w.org\/{rel}","templated":true}]}}