{"id":155968,"date":"2025-12-05T09:09:22","date_gmt":"2025-12-05T12:09:22","guid":{"rendered":"https:\/\/vinasfm.com\/noticias\/?p=155968"},"modified":"2025-12-05T11:45:51","modified_gmt":"2025-12-05T14:45:51","slug":"el-padre-horacio-valdivia-invita-a-la-comunidad-a-la-tradicional-fiesta-de-la-virgen","status":"publish","type":"post","link":"https:\/\/vinasfm.com\/noticias\/el-padre-horacio-valdivia-invita-a-la-comunidad-a-la-tradicional-fiesta-de-la-virgen\/","title":{"rendered":"EL PADRE HORACIO VALDIVIA INVITA A LA COMUNIDAD A LA TRADICIONAL FIESTA DE LA VIRGEN"},"content":{"rendered":"<h4><span style=\"color: #003300;\"><strong>En di\u00e1logo con FM Vi\u00f1as, el presb\u00edtero Horacio Valdivia brind\u00f3 detalles sobre los preparativos y actividades previstas para la tradicional Fiesta de la Virgen, una celebraci\u00f3n profundamente arraigada en el coraz\u00f3n de la comunidad alvearense desde hace m\u00e1s de 40 a\u00f1os.<\/strong><\/span><\/h4>\n<p><span style=\"color: #003366;\"><strong>Valdivia<\/strong><\/span> destac\u00f3 que la preparaci\u00f3n espiritual comenz\u00f3 hace varios meses: <strong><em>\u201cHace tres meses que venimos prepar\u00e1ndonos, desde el Mes del Rosario que empez\u00f3 el 7 de octubre. Despu\u00e9s continuamos con el Mes de Mar\u00eda, desde el 7 de noviembre hasta el 7 de diciembre, con esa linda tradici\u00f3n de llevarle flores a la Virgen\u201d<\/em>.<\/strong><\/p>\n<p>De cara a la celebraci\u00f3n central, que tendr\u00e1 lugar el <strong>lunes 8 de diciembre, por la ma\u00f1ana<\/strong>, el sacerdote invit\u00f3 a toda la comunidad a participar: <strong><em>\u201cPara mucha gente, su momento de encuentro religioso con la comunidad y con Mar\u00eda es esta fiesta. Queremos invitar a todos a vivir este momento de gracia, de encuentro con Mar\u00eda y entre nosotros\u201d<\/em>.<\/strong><\/p>\n<h3><strong>Peregrinaci\u00f3n y misa central<\/strong><\/h3>\n<p>Las actividades comenzar\u00e1n a las <strong>9 de la ma\u00f1ana<\/strong> con peregrinaciones que partir\u00e1n desde las cuatro parroquias principales:<\/p>\n<ul>\n<li><strong>Santa Cruz\u00a0<\/strong><\/li>\n<li><strong>Nuestra Se\u00f1ora de F\u00e1tima<\/strong><\/li>\n<li><strong>San Jos\u00e9<\/strong><\/li>\n<li><strong>Sagrado Coraz\u00f3n<\/strong><\/li>\n<\/ul>\n<p>Quienes lo deseen tambi\u00e9n podr\u00e1n llegar directamente al predio, donde a las <strong>10 de la ma\u00f1ana<\/strong> se celebrar\u00e1 la misa central con la presencia del obispo y administrador apost\u00f3lico, <strong>Mons. Marcelo Mazzitelli<\/strong>.<\/p>\n<p>Valdivia subray\u00f3 que este encuentro adquiere un sentido especial al desarrollarse en el <strong>A\u00f1o Jubilar<\/strong>, un tiempo de gracia para la comunidad.<\/p>\n<p>El sacerdote se\u00f1al\u00f3 que la decisi\u00f3n de realizar la celebraci\u00f3n por la ma\u00f1ana responde a cuestiones clim\u00e1ticas y organizativas: <strong><em>\u201cEs tanto el trabajo log\u00edstico que estar hasta \u00faltimo momento en la tarde pendientes del clima era complicado. Por la ma\u00f1ana hay menos probabilidades de tormenta\u201d<\/em>.<\/strong><\/p>\n<p>Agradeci\u00f3 la colaboraci\u00f3n del <strong>Municipio<\/strong>, el <strong>\u00c1rea de Seguridad Vial<\/strong>, <strong>Tr\u00e1nsito<\/strong>, y numerosos <strong>laicos<\/strong> que desde hace semanas trabajan en la organizaci\u00f3n.<\/p>\n<p>Finalmente, brind\u00f3 una serie de recomendaciones para los asistentes: llevar agua para mantenerse hidratados, proteger especialmente a los ni\u00f1os y adultos mayores, y llevar sillas o banquitos para mayor comodidad. <strong><em>\u201cQueremos que sea una fiesta de la familia. Cuidarnos es importante. No tenemos apuro: lo principal es disfrutar el encuentro y hacerlo con seguridad\u201d<\/em>.<\/strong><\/p>\n<p>El Padre Valdivia cerr\u00f3 su mensaje reiterando la invitaci\u00f3n a participar de esta celebraci\u00f3n tan significativa: <strong><em>\u201cLa devoci\u00f3n a Mar\u00eda se siente en la comunidad. Muchos la viven como una madre cercana. Esta fiesta expresa justamente eso: su maternidad y su presencia entre nosotros\u201d<\/em>.<\/strong><\/p>\n","protected":false},"excerpt":{"rendered":"<p>En di\u00e1logo con FM Vi\u00f1as, el presb\u00edtero Horacio Valdivia brind\u00f3 detalles sobre los preparativos y actividades previstas para la tradicional Fiesta &#8230;<\/p>\n","protected":false},"author":7,"featured_media":155973,"comment_status":"open","ping_status":"open","sticky":false,"template":"","format":"standard","meta":{"footnotes":""},"categories":[5,81],"tags":[],"class_list":["post-155968","post","type-post","status-publish","format-standard","has-post-thumbnail","hentry","category-actualidad","category-religion"],"_links":{"self":[{"href":"https:\/\/vinasfm.com\/noticias\/wp-json\/wp\/v2\/posts\/155968","targetHints":{"allow":["GET"]}}],"collection":[{"href":"https:\/\/vinasfm.com\/noticias\/wp-json\/wp\/v2\/posts"}],"about":[{"href":"https:\/\/vinasfm.com\/noticias\/wp-json\/wp\/v2\/types\/post"}],"author":[{"embeddable":true,"href":"https:\/\/vinasfm.com\/noticias\/wp-json\/wp\/v2\/users\/7"}],"replies":[{"embeddable":true,"href":"https:\/\/vinasfm.com\/noticias\/wp-json\/wp\/v2\/comments?post=155968"}],"version-history":[{"count":2,"href":"https:\/\/vinasfm.com\/noticias\/wp-json\/wp\/v2\/posts\/155968\/revisions"}],"predecessor-version":[{"id":155974,"href":"https:\/\/vinasfm.com\/noticias\/wp-json\/wp\/v2\/posts\/155968\/revisions\/155974"}],"wp:featuredmedia":[{"embeddable":true,"href":"https:\/\/vinasfm.com\/noticias\/wp-json\/wp\/v2\/media\/155973"}],"wp:attachment":[{"href":"https:\/\/vinasfm.com\/noticias\/wp-json\/wp\/v2\/media?parent=155968"}],"wp:term":[{"taxonomy":"category","embeddable":true,"href":"https:\/\/vinasfm.com\/noticias\/wp-json\/wp\/v2\/categories?post=155968"},{"taxonomy":"post_tag","embeddable":true,"href":"https:\/\/vinasfm.com\/noticias\/wp-json\/wp\/v2\/tags?post=155968"}],"curies":[{"name":"wp","href":"https:\/\/api.w.org\/{rel}","templated":true}]}}