{"id":155905,"date":"2025-12-04T08:17:28","date_gmt":"2025-12-04T11:17:28","guid":{"rendered":"https:\/\/vinasfm.com\/noticias\/?p=155905"},"modified":"2025-12-04T10:24:43","modified_gmt":"2025-12-04T13:24:43","slug":"mendoza-implementa-una-estrategia-provincial-para-reducir-las-cesareas-innecesarias-y-revalorizar-el-parto-vaginal-fisiologico-y-seguro","status":"publish","type":"post","link":"https:\/\/vinasfm.com\/noticias\/mendoza-implementa-una-estrategia-provincial-para-reducir-las-cesareas-innecesarias-y-revalorizar-el-parto-vaginal-fisiologico-y-seguro\/","title":{"rendered":"MENDOZA IMPLEMENTA UNA ESTRATEGIA PROVINCIAL PARA REDUCIR LAS CES\u00c1REAS INNECESARIAS Y REVALORIZAR EL PARTO VAGINAL FISIOL\u00d3GICO Y SEGURO"},"content":{"rendered":"<h4 class=\"wp-block-heading\"><span style=\"color: #003300;\">El objetivo es que las mujeres mendocinas lleguen al parto seguras, informadas, acompa\u00f1adas y respetadas, garantizando pr\u00e1cticas obst\u00e9tricas basadas en evidencia y disminuyendo intervenciones quir\u00fargicas sin indicaci\u00f3n m\u00e9dica v\u00e1lida, una de las principales causas evitables de complicaciones maternas y neonatales.<\/span><\/h4>\n<p>El <strong>Ministerio de Salud y Deportes de Mendoza<\/strong>, con adhesi\u00f3n un\u00e1nime de todas las instituciones privadas de la provincia y el acompa\u00f1amiento t\u00e9cnico de la <strong>Organizaci\u00f3n Panamericana de la Salud<\/strong> <em>(OPS)<\/em>, present\u00f3 la <strong>Estrategia Provincial para la Reducci\u00f3n de Ces\u00e1reas Innecesarias en el Sector Privado<\/strong>, una pol\u00edtica p\u00fablica in\u00e9dita en Argentina y en la regi\u00f3n.<\/p>\n<p>El objetivo es que las mujeres mendocinas lleguen al parto seguras, informadas, acompa\u00f1adas y respetadas, garantizando pr\u00e1cticas obst\u00e9tricas basadas en evidencia y disminuyendo intervenciones quir\u00fargicas sin indicaci\u00f3n m\u00e9dica v\u00e1lida, una de las principales causas evitables de complicaciones maternas y neonatales.<\/p>\n<h2><strong>Una pol\u00edtica p\u00fablica basada en evidencia y cooperaci\u00f3n p\u00fablico-privada<\/strong><\/h2>\n<p>La estrategia se sustenta en una intervenci\u00f3n multimodal, recomendada por la OMS y OPS para pa\u00edses con tasas elevadas de ces\u00e1reas. Incluye:<\/p>\n<div class=\"wp-block-group is-layout-constrained wp-block-group-is-layout-constrained\">\n<ul class=\"wp-block-list\">\n<li>Cambios en la modalidad de pago a prestadores, eliminando incentivos que favorezcan la ces\u00e1rea sin indicaci\u00f3n.<\/li>\n<\/ul>\n<ul class=\"wp-block-list\">\n<li>Incentivos econ\u00f3micos diferenciados por pr\u00e1cticas obst\u00e9tricas seguras y basadas en evidencia.<\/li>\n<\/ul>\n<ul class=\"wp-block-list\">\n<li>Conformaci\u00f3n de servicios obst\u00e9tricos organizados, con equipos dedicados y guardias activas.<\/li>\n<\/ul>\n<ul class=\"wp-block-list\">\n<li>Gesti\u00f3n del cambio cultural, campa\u00f1as p\u00fablicas y formaci\u00f3n continua.<\/li>\n<\/ul>\n<ul class=\"wp-block-list\">\n<li>Protocolos estandarizados, auditor\u00edas e indicadores de calidad.<\/li>\n<\/ul>\n<\/div>\n<p>El acuerdo establece metas de reducci\u00f3n progresiva, fortalecimiento institucional y monitoreo continuo, con participaci\u00f3n directa del Ministerio, las cl\u00ednicas privadas y la OPS.<\/p>\n<p><a href=\"https:\/\/vinasfm.com\/noticias\/wp-content\/uploads\/2025\/12\/1DSC_5839-980x652-1.jpg\"><img loading=\"lazy\" decoding=\"async\" class=\"alignnone size-full wp-image-155912\" src=\"https:\/\/vinasfm.com\/noticias\/wp-content\/uploads\/2025\/12\/1DSC_5839-980x652-1.jpg\" alt=\"\" width=\"980\" height=\"652\" srcset=\"https:\/\/vinasfm.com\/noticias\/wp-content\/uploads\/2025\/12\/1DSC_5839-980x652-1.jpg 980w, https:\/\/vinasfm.com\/noticias\/wp-content\/uploads\/2025\/12\/1DSC_5839-980x652-1-300x200.jpg 300w, https:\/\/vinasfm.com\/noticias\/wp-content\/uploads\/2025\/12\/1DSC_5839-980x652-1-768x511.jpg 768w\" sizes=\"auto, (max-width: 980px) 100vw, 980px\" \/><\/a><\/p>\n<h2><strong>Un problema de salud p\u00fablica: tasas de ces\u00e1reas muy por encima de lo recomendado<\/strong><\/h2>\n<p>En Mendoza, el 78-80% de los nacimientos en el sector privado son por ces\u00e1rea, mientras que en el sector p\u00fablico la cifra es del 40%. La OMS advierte que tasas superiores al 10-15% no se asocian con mejoras en mortalidad materna ni neonatal y s\u00ed aumentan riesgos quir\u00fargicos.<\/p>\n<p><strong><em>\u201cEl aumento sostenido de la tasa de ces\u00e1reas es un problema de salud p\u00fablica. Las causas son multifactoriales y requieren un plan integral que incluya educaci\u00f3n, informaci\u00f3n, cambios organizacionales y sistemas de calidad\u201d<\/em><\/strong>, se\u00f1al\u00f3 el ministro <span style=\"color: #003366;\"><strong>Rodolfo Montero.<\/strong><\/span><\/p>\n<p>El ministro explic\u00f3 que la estrategia provincial incluye m\u00e1s controles prenatales, gu\u00edas cl\u00ednicas actualizadas, est\u00e1ndares CONE (condiciones obst\u00e9tricas y neonatales esenciales), disponibilidad garantizada de quir\u00f3fanos, anestesia, neonatolog\u00eda y comit\u00e9s de revisi\u00f3n de historias cl\u00ednicas.<\/p>\n<h3><strong>Riesgos asociados a la ces\u00e1rea sin indicaci\u00f3n m\u00e9dica<\/strong><\/h3>\n<p>Para la madre:<\/p>\n<ul class=\"wp-block-list\">\n<li>Mayor riesgo de infecci\u00f3n, hemorragia y tromboembolismo.<\/li>\n<\/ul>\n<ul class=\"wp-block-list\">\n<li>Lesiones quir\u00fargicas y complicaciones anest\u00e9sicas.<\/li>\n<\/ul>\n<ul class=\"wp-block-list\">\n<li>Recuperaci\u00f3n m\u00e1s lenta y limitaciones funcionales.<\/li>\n<\/ul>\n<ul class=\"wp-block-list\">\n<li>Mayor necesidad de reintervenciones y m\u00e1s riesgo en embarazos futuros (placenta accreta, rotura uterina).<\/li>\n<\/ul>\n<p>Para el reci\u00e9n nacido:<\/p>\n<ul class=\"wp-block-list\">\n<li>Mayor probabilidad de dificultad respiratoria y transici\u00f3n pulmonar tard\u00eda.<\/li>\n<\/ul>\n<ul class=\"wp-block-list\">\n<li>Mayor ingreso a neonatolog\u00eda.<\/li>\n<\/ul>\n<ul class=\"wp-block-list\">\n<li>mpacto negativo en el microbioma, asociado a alergias, asma y obesidad.<\/li>\n<\/ul>\n<h3><strong>Datos epidemiol\u00f3gicos relevantes<\/strong><\/h3>\n<ul class=\"wp-block-list\">\n<li>La ces\u00e1rea triple el riesgo de mortalidad neonatal temprana.<\/li>\n<\/ul>\n<ul class=\"wp-block-list\">\n<li>Aumenta un 50% el riesgo de mortalidad infantil en el primer a\u00f1o.<\/li>\n<\/ul>\n<ul class=\"wp-block-list\">\n<li>Duplica el riesgo de internaci\u00f3n prolongada en terapia neonatal.<\/li>\n<\/ul>\n<ul class=\"wp-block-list\">\n<li>Cuadruplica el riesgo de mortalidad materna.<\/li>\n<\/ul>\n<h3><strong>Qu\u00e9 cambiar\u00e1 en las maternidades privadas<\/strong><\/h3>\n<p>La Provincia implementar\u00e1 un modelo que prioriza la seguridad, la presencia de equipos completos y la estandarizaci\u00f3n del cuidado:<\/p>\n<ul class=\"wp-block-list\">\n<li>Los nacimientos ser\u00e1n atendidos por equipos de obstetricia de guardia, no por un \u00fanico profesional en forma individual.<\/li>\n<\/ul>\n<ul class=\"wp-block-list\">\n<li>Se garantizar\u00e1 neonatolog\u00eda 24 horas, anestesia disponible, analgesia continua, monitoreo fetal basado en evidencia y parter\u00eda activa.<\/li>\n<\/ul>\n<ul class=\"wp-block-list\">\n<li>Las cl\u00ednicas deber\u00e1n realizar inversiones en infraestructura, equipamiento y fortalecimiento de servicios.<\/li>\n<\/ul>\n<ul class=\"wp-block-list\">\n<li>El seguimiento prenatal y la atenci\u00f3n del parto se integrar\u00e1n bajo un esquema de remuneraci\u00f3n profesional justa, transparente y orientada a la calidad.<\/li>\n<\/ul>\n<ul class=\"wp-block-list\">\n<li>Se asegurar\u00e1 que las mujeres reciban informaci\u00f3n clara y uniforme desde la primera consulta, conforme a la Ley 26529 y la Ley de Parto Humanizado.<\/li>\n<\/ul>\n<ul class=\"wp-block-list\">\n<li>La transici\u00f3n hacia este modelo se desarrollar\u00e1 durante seis meses, con acompa\u00f1amiento t\u00e9cnico del Ministerio.<\/li>\n<\/ul>\n<h2><strong>Un cambio cultural profundo, con respaldo internacional<\/strong><\/h2>\n<p><span style=\"color: #003366;\"><strong>Eva Llopis<\/strong><\/span>, <em>representante de OPS en Argentina<\/em>, destac\u00f3 que <em><strong>\u201ceste convenio es un hito para la regi\u00f3n. La OPS recomienda la ces\u00e1rea solo cuando est\u00e1 m\u00e9dicamente indicada. La estrategia de Mendoza es innovadora, integral y basada en evidencia\u201d.<\/strong><\/em><\/p>\n<p>La Provincia toma experiencia de pa\u00edses europeos, de iniciativas nacionales como el Hospital de la Comunidad de Mar del Plata y de maternidades privadas que han logrado tasas seguras gracias a modelos organizados y centrados en la mujer.<\/p>\n<p>Representantes de instituciones privadas como el Hospital Italiano, Cl\u00ednica Santa Mar\u00eda y Cl\u00ednica Santa Isabel de Hungr\u00eda coincidieron en que se trata de una pol\u00edtica pionera, necesaria y con fuerte impacto en la calidad de atenci\u00f3n.<\/p>\n<h3><strong>Principios rectores del acuerdo<\/strong><\/h3>\n<ul class=\"wp-block-list\">\n<li>Equidad y reconocimiento profesional.<\/li>\n<\/ul>\n<ul class=\"wp-block-list\">\n<li>Calidad y seguridad asistencial.<\/li>\n<\/ul>\n<ul class=\"wp-block-list\">\n<li>Sostenibilidad, trazabilidad y auditor\u00eda permanente.<\/li>\n<\/ul>\n<ul class=\"wp-block-list\">\n<li>Formaci\u00f3n continua y acompa\u00f1amiento institucional.<\/li>\n<\/ul>\n<p>El derecho prioritario es el de las mujeres y sus hijos a un nacimiento seguro, respetado y de alta calidad, independientemente del profesional que acompa\u00f1e el parto.<\/p>\n<h3><strong>Vigencia y participaci\u00f3n ciudadana<\/strong><\/h3>\n<p>La pol\u00edtica entrar\u00e1 en vigencia en julio de 2026 y durante 2025 se abrir\u00e1n instancias de participaci\u00f3n para organizaciones, familias y mujeres gestantes, con el objetivo de construir una estrategia transparente y participativa.<\/p>\n<p>Los lineamientos completos del acuerdo estar\u00e1n disponibles en el Portal del Gobierno de Mendoza.<\/p>\n","protected":false},"excerpt":{"rendered":"<p>El objetivo es que las mujeres mendocinas lleguen al parto seguras, informadas, acompa\u00f1adas y respetadas, garantizando pr\u00e1cticas obst\u00e9tricas basadas en evidencia &#8230;<\/p>\n","protected":false},"author":7,"featured_media":155913,"comment_status":"open","ping_status":"open","sticky":false,"template":"","format":"standard","meta":{"footnotes":""},"categories":[77,15],"tags":[],"class_list":["post-155905","post","type-post","status-publish","format-standard","has-post-thumbnail","hentry","category-gobierno","category-salud"],"_links":{"self":[{"href":"https:\/\/vinasfm.com\/noticias\/wp-json\/wp\/v2\/posts\/155905","targetHints":{"allow":["GET"]}}],"collection":[{"href":"https:\/\/vinasfm.com\/noticias\/wp-json\/wp\/v2\/posts"}],"about":[{"href":"https:\/\/vinasfm.com\/noticias\/wp-json\/wp\/v2\/types\/post"}],"author":[{"embeddable":true,"href":"https:\/\/vinasfm.com\/noticias\/wp-json\/wp\/v2\/users\/7"}],"replies":[{"embeddable":true,"href":"https:\/\/vinasfm.com\/noticias\/wp-json\/wp\/v2\/comments?post=155905"}],"version-history":[{"count":1,"href":"https:\/\/vinasfm.com\/noticias\/wp-json\/wp\/v2\/posts\/155905\/revisions"}],"predecessor-version":[{"id":155914,"href":"https:\/\/vinasfm.com\/noticias\/wp-json\/wp\/v2\/posts\/155905\/revisions\/155914"}],"wp:featuredmedia":[{"embeddable":true,"href":"https:\/\/vinasfm.com\/noticias\/wp-json\/wp\/v2\/media\/155913"}],"wp:attachment":[{"href":"https:\/\/vinasfm.com\/noticias\/wp-json\/wp\/v2\/media?parent=155905"}],"wp:term":[{"taxonomy":"category","embeddable":true,"href":"https:\/\/vinasfm.com\/noticias\/wp-json\/wp\/v2\/categories?post=155905"},{"taxonomy":"post_tag","embeddable":true,"href":"https:\/\/vinasfm.com\/noticias\/wp-json\/wp\/v2\/tags?post=155905"}],"curies":[{"name":"wp","href":"https:\/\/api.w.org\/{rel}","templated":true}]}}