{"id":155838,"date":"2025-12-02T10:26:18","date_gmt":"2025-12-02T13:26:18","guid":{"rendered":"https:\/\/vinasfm.com\/noticias\/?p=155838"},"modified":"2025-12-03T10:11:08","modified_gmt":"2025-12-03T13:11:08","slug":"atletas-alvearenses-participaron-el-triatlon-ironman-70-3-en-cartagena","status":"publish","type":"post","link":"https:\/\/vinasfm.com\/noticias\/atletas-alvearenses-participaron-el-triatlon-ironman-70-3-en-cartagena\/","title":{"rendered":"ATLETAS ALVEARENSES PARTICIPARON EL TRIATL\u00d3N IRONMAN 70.3 EN CARTAGENA"},"content":{"rendered":"<h4><span style=\"color: #003300;\"><strong>En di\u00e1logo con FM VI\u00d1AS, el atleta alvearense Fernando \u00abTato\u00bb Di Rosso comparti\u00f3 sus sensaciones tras culminar con \u00e9xito el triatl\u00f3n IRONMAN 70.3 en Cartagena, Colombia. <\/strong><\/span><\/h4>\n<p><em><strong>\u201cEtamos recuper\u00e1ndonos despu\u00e9s de un Ironman muy lindo y, a la vez, sufrido por correr en una ciudad tan pesada con lo que respecta al calor y la humedad\u201d<\/strong><\/em>, se\u00f1al\u00f3, haciendo alusi\u00f3n a las dif\u00edciles condiciones clim\u00e1ticas del evento.<\/p>\n<p>Lo acompa\u00f1aron otros atletas locales: <span style=\"color: #003366;\"><strong>Mart\u00edn Di Paolo<\/strong><\/span>, <span style=\"color: #003366;\"><strong>Gustavo Rojo<\/strong><\/span> y el apoyo de <span style=\"color: #003366;\"><strong>Nicol\u00e1s Fern\u00e1ndez<\/strong><\/span>, quien los asisti\u00f3 durante la competencia. Seg\u00fan Di Rosso, <strong><em>\u201clos tres llegamos bien y cumplimos con el objetivo; estamos muy contentos de haber culminado un Ironman\u201d<\/em><\/strong>.<\/p>\n<p>M\u00e1s all\u00e1 del esfuerzo f\u00edsico, subray\u00f3 el compromiso familiar y personal que implica entrenar para este tipo de pruebas: <em><strong>\u201cNo solo es un deporte individual, tambi\u00e9n requiere un gran desgaste econ\u00f3mico, de tiempo, de separar momentos de la familia. Pero mi se\u00f1ora, mi hijo lo entienden; esta pasi\u00f3n la vivo de lunes a lunes, con viajes, salidas y entrenamientos\u201d<\/strong><\/em>.<\/p>\n<p>El medio <a href=\"https:\/\/www.ironman.com\/races\/im703-cartagena\">IRONMAN 70.3<\/a> consiste en una competencia con tres etapas: 1.900 metros de nataci\u00f3n en el mar, 90 kil\u00f3metros en bicicleta y 21,1 kil\u00f3metros de carrera pedestre. Esta edici\u00f3n en Cartagena ofreci\u00f3 ese recorrido completo, con la prueba de nataci\u00f3n en la Bah\u00eda de Las \u00c1nimas, un tramo de ciclismo mayormente plano y un recorrido final de running atravesando las hist\u00f3ricas calles del centro colonial de la ciudad.<\/p>\n<p>Seg\u00fan los organizadores, esta prueba re\u00fane a atletas de todo el mundo. En 2025, m\u00e1s de 2.500 participantes de 72 pa\u00edses largaron en Cartagena, lo que destaca la magnitud e internacionalidad del evento.<\/p>\n<p>Para los competidores de General Alvear, <strong>culminar esta exigente prueba representa no solo un logro deportivo, sino tambi\u00e9n un s\u00edmbolo de perseverancia, voluntad y de uni\u00f3n familiar.<\/strong><\/p>\n","protected":false},"excerpt":{"rendered":"<p>En di\u00e1logo con FM VI\u00d1AS, el atleta alvearense Fernando \u00abTato\u00bb Di Rosso comparti\u00f3 sus sensaciones tras culminar con \u00e9xito el triatl\u00f3n &#8230;<\/p>\n","protected":false},"author":7,"featured_media":155840,"comment_status":"open","ping_status":"open","sticky":false,"template":"","format":"standard","meta":{"footnotes":""},"categories":[3,10],"tags":[],"class_list":["post-155838","post","type-post","status-publish","format-standard","has-post-thumbnail","hentry","category-deportes","category-destacadas"],"_links":{"self":[{"href":"https:\/\/vinasfm.com\/noticias\/wp-json\/wp\/v2\/posts\/155838","targetHints":{"allow":["GET"]}}],"collection":[{"href":"https:\/\/vinasfm.com\/noticias\/wp-json\/wp\/v2\/posts"}],"about":[{"href":"https:\/\/vinasfm.com\/noticias\/wp-json\/wp\/v2\/types\/post"}],"author":[{"embeddable":true,"href":"https:\/\/vinasfm.com\/noticias\/wp-json\/wp\/v2\/users\/7"}],"replies":[{"embeddable":true,"href":"https:\/\/vinasfm.com\/noticias\/wp-json\/wp\/v2\/comments?post=155838"}],"version-history":[{"count":2,"href":"https:\/\/vinasfm.com\/noticias\/wp-json\/wp\/v2\/posts\/155838\/revisions"}],"predecessor-version":[{"id":155841,"href":"https:\/\/vinasfm.com\/noticias\/wp-json\/wp\/v2\/posts\/155838\/revisions\/155841"}],"wp:featuredmedia":[{"embeddable":true,"href":"https:\/\/vinasfm.com\/noticias\/wp-json\/wp\/v2\/media\/155840"}],"wp:attachment":[{"href":"https:\/\/vinasfm.com\/noticias\/wp-json\/wp\/v2\/media?parent=155838"}],"wp:term":[{"taxonomy":"category","embeddable":true,"href":"https:\/\/vinasfm.com\/noticias\/wp-json\/wp\/v2\/categories?post=155838"},{"taxonomy":"post_tag","embeddable":true,"href":"https:\/\/vinasfm.com\/noticias\/wp-json\/wp\/v2\/tags?post=155838"}],"curies":[{"name":"wp","href":"https:\/\/api.w.org\/{rel}","templated":true}]}}