{"id":155821,"date":"2025-12-02T09:08:54","date_gmt":"2025-12-02T12:08:54","guid":{"rendered":"https:\/\/vinasfm.com\/noticias\/?p=155821"},"modified":"2025-12-02T09:08:54","modified_gmt":"2025-12-02T12:08:54","slug":"german-herrada-analiza-los-proyectos-mineros-y-reafirma-su-defensa-de-la-ley-7722","status":"publish","type":"post","link":"https:\/\/vinasfm.com\/noticias\/german-herrada-analiza-los-proyectos-mineros-y-reafirma-su-defensa-de-la-ley-7722\/","title":{"rendered":"GERMAN HERRADA ANALIZA LOS PROYECTOS MINEROS Y REAFIRMA SU DEFENSA DE LA LEY 7722"},"content":{"rendered":"<h4><span style=\"color: #003300;\"><strong>En di\u00e1logo con FM VI\u00d1AS, el presidente de la C\u00e1mara de Comercio de General Alvear, Germ\u00e1n Herrada, aclar\u00f3 la postura de la instituci\u00f3n frente al debate provincial por los proyectos mineros que se tratar\u00e1n en el Senado.<\/strong><\/span><\/h4>\n<p>Herrada explic\u00f3 que, si bien existe <em><strong>\u201cmucha desinformaci\u00f3n\u201d<\/strong><\/em> en torno al tema, desde la C\u00e1mara est\u00e1n abocados a estudiar los cuatro proyectos aprobados por Diputados: <strong><em>\u201cNos estamos informando porque no nos dedicamos a esto. Tenemos los cuatro proyectos, los hemos analizado. En principio estamos de acuerdo con que se aprueben, porque ninguno afecta la Ley 7722, que es lo que nosotros defendemos\u201d<\/em><\/strong>.<\/p>\n<p>El dirigente coment\u00f3 que ha mantenido conversaciones con distintos funcionarios y legisladores:<br \/>\n<strong><em>\u201cTenemos contanto, nos env\u00edan la informaci\u00f3n que pedimos y necesitamos para entender bien qu\u00e9 se est\u00e1 decidiendo\u201d.<\/em><\/strong><\/p>\n<p><span style=\"color: #003366;\"><strong>Herrada<\/strong><\/span> insisti\u00f3 en que la C\u00e1mara mantiene una postura hist\u00f3rica. <em><strong>\u201cNosotros no somos antimineros si vamos a defender la 7722. Esa es nuestra postura desde siempre. La ley se hizo entre 2006 y 2007 con nuestra C\u00e1mara y otras instituciones, y la vamos a defender a muerte\u201d<\/strong><\/em>, sostuvo.<\/p>\n<p>Asegur\u00f3 que los proyectos en debate <strong>\u201cno tienen nada que ver con no cumplir la 7722\u201d<\/strong> y resalt\u00f3 que cualquier iniciativa quedar\u00e1 sujeta a los informes ambientales; <strong><em>\u201csi alg\u00fan informe da mal, no se va a aprobar el proyecto. Tenemos que confiar en que los estudios de las universidades est\u00e1n bien hechos\u201d.<\/em><\/strong><\/p>\n<p>Sobre las sustancias permitidas o no por la normativa, se\u00f1al\u00f3 que podr\u00eda evaluarse una actualizaci\u00f3n y record\u00f3 que <strong><em>\u201cen su momento busc\u00e1bamos que no se usara mercurio ni cianuro. Si hoy hay sustancias que ameritan revisi\u00f3n, habr\u00e1 que analizar un anexo. Pero hoy la ley no se ve perjudicada\u201d.<\/em><\/strong><\/p>\n<h3><strong>Impacto ambiental y modificaciones solicitadas<\/strong><\/h3>\n<p>En relaci\u00f3n con la Declaraci\u00f3n de Impacto Ambiental (DIA), Herrada explic\u00f3 que la empresa ha introducido correcciones a pedido de la Universidad y el Consejo que emitieron observaciones:<em><strong> \u201cPara poder aprobarse, se revieron todos esos puntos. Nos dijeron que est\u00e1 lista para votarse debido a las modificaciones que pidieron en esos an\u00e1lisis\u201d.<\/strong><\/em><\/p>\n<h3><strong>Movilizaci\u00f3n<\/strong><\/h3>\n<p>En cuanto al <em>ruidazo<\/em> convocado para este martes por parte de la Asamblea del Pueblo, Herrada fue claro: <em><strong>\u201cNo he visto bien la posici\u00f3n que toman, pero nosotros no vamos a ser antimineros. Si hoy las empresas est\u00e1n trabajando dentro de la ley vigente, no podemos salir a apoyar un ruidazo\u201d.<\/strong><\/em><\/p>\n<p><a href=\"https:\/\/vinasfm.com\/noticias\/wp-content\/uploads\/2025\/12\/IMG-20251130-WA0008-1.jpg\"><img loading=\"lazy\" decoding=\"async\" class=\"wp-image-155822 aligncenter\" src=\"https:\/\/vinasfm.com\/noticias\/wp-content\/uploads\/2025\/12\/IMG-20251130-WA0008-1-819x1024.jpg\" alt=\"\" width=\"458\" height=\"572\" srcset=\"https:\/\/vinasfm.com\/noticias\/wp-content\/uploads\/2025\/12\/IMG-20251130-WA0008-1-819x1024.jpg 819w, https:\/\/vinasfm.com\/noticias\/wp-content\/uploads\/2025\/12\/IMG-20251130-WA0008-1-240x300.jpg 240w, https:\/\/vinasfm.com\/noticias\/wp-content\/uploads\/2025\/12\/IMG-20251130-WA0008-1-768x960.jpg 768w, https:\/\/vinasfm.com\/noticias\/wp-content\/uploads\/2025\/12\/IMG-20251130-WA0008-1.jpg 1080w\" sizes=\"auto, (max-width: 458px) 100vw, 458px\" \/><\/a><\/p>\n<p><em><strong>\u201cSomos 25 directivos y algunos pueden pensar distinto. La idea es consensuar. La mayor\u00eda pensamos de esta manera, pero hoy lo vamos a terminar de definir\u201d<\/strong><\/em>, manifest\u00f3 el presidente de la entidad.<\/p>\n<p>Herrada cerr\u00f3 se\u00f1alando que la C\u00e1mara debe permanecer atenta a cualquier intento de modificar la 7722: <em><strong>\u201cSi alg\u00fan d\u00eda se propone cambiarla, tenemos que estar presentes, no aislados. Pero hoy, lo que se est\u00e1 aprobando, est\u00e1 dentro del marco legal que siempre defendimos\u201d.<\/strong><\/em><\/p>\n","protected":false},"excerpt":{"rendered":"<p>En di\u00e1logo con FM VI\u00d1AS, el presidente de la C\u00e1mara de Comercio de General Alvear, Germ\u00e1n Herrada, aclar\u00f3 la postura de &#8230;<\/p>\n","protected":false},"author":7,"featured_media":155825,"comment_status":"open","ping_status":"open","sticky":false,"template":"","format":"standard","meta":{"footnotes":""},"categories":[1],"tags":[],"class_list":["post-155821","post","type-post","status-publish","format-standard","has-post-thumbnail","hentry","category-fmvinas"],"_links":{"self":[{"href":"https:\/\/vinasfm.com\/noticias\/wp-json\/wp\/v2\/posts\/155821","targetHints":{"allow":["GET"]}}],"collection":[{"href":"https:\/\/vinasfm.com\/noticias\/wp-json\/wp\/v2\/posts"}],"about":[{"href":"https:\/\/vinasfm.com\/noticias\/wp-json\/wp\/v2\/types\/post"}],"author":[{"embeddable":true,"href":"https:\/\/vinasfm.com\/noticias\/wp-json\/wp\/v2\/users\/7"}],"replies":[{"embeddable":true,"href":"https:\/\/vinasfm.com\/noticias\/wp-json\/wp\/v2\/comments?post=155821"}],"version-history":[{"count":2,"href":"https:\/\/vinasfm.com\/noticias\/wp-json\/wp\/v2\/posts\/155821\/revisions"}],"predecessor-version":[{"id":155826,"href":"https:\/\/vinasfm.com\/noticias\/wp-json\/wp\/v2\/posts\/155821\/revisions\/155826"}],"wp:featuredmedia":[{"embeddable":true,"href":"https:\/\/vinasfm.com\/noticias\/wp-json\/wp\/v2\/media\/155825"}],"wp:attachment":[{"href":"https:\/\/vinasfm.com\/noticias\/wp-json\/wp\/v2\/media?parent=155821"}],"wp:term":[{"taxonomy":"category","embeddable":true,"href":"https:\/\/vinasfm.com\/noticias\/wp-json\/wp\/v2\/categories?post=155821"},{"taxonomy":"post_tag","embeddable":true,"href":"https:\/\/vinasfm.com\/noticias\/wp-json\/wp\/v2\/tags?post=155821"}],"curies":[{"name":"wp","href":"https:\/\/api.w.org\/{rel}","templated":true}]}}