{"id":155813,"date":"2025-12-02T08:41:53","date_gmt":"2025-12-02T11:41:53","guid":{"rendered":"https:\/\/vinasfm.com\/noticias\/?p=155813"},"modified":"2025-12-03T10:11:47","modified_gmt":"2025-12-03T13:11:47","slug":"el-area-de-salud-advierte-sobre-el-avance-del-discurso-antivacunas-y-refuerza-la-importancia-del-calendario-obligatorio","status":"publish","type":"post","link":"https:\/\/vinasfm.com\/noticias\/el-area-de-salud-advierte-sobre-el-avance-del-discurso-antivacunas-y-refuerza-la-importancia-del-calendario-obligatorio\/","title":{"rendered":"EL \u00c1REA DE SALUD ADVIERTE SOBRE EL AVANCE DEL DISCURSO ANTIVACUNAS Y REFUERZA LA IMPORTANCIA DEL CALENDARIO OBLIGATORIO"},"content":{"rendered":"<h4><span style=\"color: #003300;\"><strong>El responsable del \u00c1rea de Salud Departamental, Dr. Marcos Domenech, dialog\u00f3 con FM VI\u00d1AS y expres\u00f3 profunda preocupaci\u00f3n por el avance de discursos antivacunas en el pa\u00eds, remarcando la necesidad de sostener la vacunaci\u00f3n como pol\u00edtica de salud p\u00fablica esencial.<\/strong><\/span><\/h4>\n<p>A ra\u00edz del ins\u00f3lito momento vivido hace algunos d\u00edas en el Congreso de la Naci\u00f3n, en donde una legisladora present\u00f3 a un hombre presuntamente &#8216;inmantado&#8217; producto de la vacuna contra el COVID-19; <strong><span style=\"color: #003366;\">Domenech<\/span> <\/strong>se\u00f1al\u00f3 que <em><strong>\u00abla vacunaci\u00f3n caus\u00f3 sospechas por la rapidez con la que se lanz\u00f3, pero <span class=\"cursor-pointer group\" title=\"Reproducir desde 0:56\"><span class=\"group-hover:bg-base-200 rounded p-0.5 -m-0.5\" data-start=\"55720\" data-end=\"61100\">tambi\u00e9n hay<\/span><\/span>\u00a0<span class=\"cursor-pointer group\" title=\"Reproducir desde 1:01\"><span class=\"group-hover:bg-base-200 rounded p-0.5 -m-0.5\" data-start=\"61100\" data-end=\"68500\">que entender que fue en contexto de una pandemia y era necesario tomar medidas y se fren\u00f3 bastante<\/span><\/span>\u00a0<span class=\"cursor-pointer group\" title=\"Reproducir desde 1:09\"><span class=\"group-hover:bg-base-200 rounded p-0.5 -m-0.5 bg-primary\/25 transition-all duration-200\" data-start=\"68500\" data-end=\"73500\" data-active=\"\">con la vacunaa\u00bb.<\/span><\/span><\/strong><\/em><\/p>\n<p>En ese sentido, el m\u00e9dico record\u00f3 que el calendario nacional tiene m\u00e1s de 30 a\u00f1os y cuenta con evidencia s\u00f3lida: <em><strong>\u201cEs una de las medidas que m\u00e1s impacto ha tenido en la esperanza de vida. Gracias a las vacunas dejamos atr\u00e1s enfermedades grav\u00edsimas. Si retrocedemos en cobertura, vamos a ver padecimientos y la reaparici\u00f3n de patolog\u00edas erradicadas\u201d.<\/strong><\/em><\/p>\n<p>En esa l\u00ednea, se refiri\u00f3 al reciente aumento de casos de <strong>sarampi\u00f3n<\/strong>, una enfermedad que llevaba a\u00f1os controlada en el pa\u00eds. Tambi\u00e9n mencion\u00f3 los logros alcanzados gracias a la inmunizaci\u00f3n:<strong><em> \u201cHace a\u00f1os que no tenemos muertes por meningitis, por meningococo ni por neumococo. Las vacunas han evitado miles de internaciones y complicaciones severas\u201d.<\/em><\/strong><\/p>\n<h3><strong>Vacunaci\u00f3n, responsabilidad colectiva<\/strong><\/h3>\n<p>Domenech record\u00f3 que existe una <strong>ley nacional<\/strong> que establece la obligatoriedad del calendario y subray\u00f3 que no se trata de una imposici\u00f3n individual: <strong><em>\u201cEsto no es vacunaci\u00f3n compulsiva. Es una medida de salud general. Estamos cuidando a toda la poblaci\u00f3n\u201d.<\/em><\/strong><\/p>\n<p>Sobre quienes sostienen que sus hijos no se enferman pese a no estar vacunados, aclar\u00f3:<em><strong> \u201cEso ocurre por la inmunidad de reba\u00f1o que brindan quienes s\u00ed cumplen con el calendario. Pero si bajan las coberturas, volver\u00e1n los casos\u201d.<\/strong><\/em><\/p>\n<p>El m\u00e9dico tambi\u00e9n explic\u00f3 que la vacunaci\u00f3n est\u00e1 vinculada a ciertos controles administrativos, como los formularios que deben presentar las familias para cobrar la Asignaci\u00f3n Universal por Hijo:<em><strong> \u201cANSES controla que los ni\u00f1os tengan calendario completo. Lo que ocurre es que no todos reciben asignaci\u00f3n\u201d.<\/strong><\/em><\/p>\n<h2><strong>Vacunas disponibles en centros de salud y hospitales<\/strong><\/h2>\n<p>Domenech inform\u00f3 que <strong>hay disponibilidad de vacunas<\/strong> en los centros de salud y en el hospital.<br \/>\nLa \u00fanica particularidad se da con la dosis Pfizer para COVID, que es multidosis: <strong><em>\u201cSe necesita reunir entre 7 y 10 personas para abrir un vial, porque una vez abierto se descarta el resto. Por eso es importante coordinar\u201d.<\/em><\/strong><\/p>\n<p><img loading=\"lazy\" decoding=\"async\" class=\"aligncenter\" src=\"https:\/\/imagenes.elpais.com\/resizer\/v2\/Z3BIGH6XCFAJJCBH7GI4ET33DA.jpg?auth=7ef8e49e7486247e98290478de57165ed2c5af66ce2a26340319c9964d5fdab7&amp;width=1200\" alt=\"Vacuna de Pfizer: Alivio, no euforia | Ciencia | EL PA\u00cdS\" width=\"627\" height=\"359\" \/><\/p>\n<p>El jefe del \u00c1rea de Salud tambi\u00e9n se refiri\u00f3 a sectores religiosos que desalientan la vacunaci\u00f3n:<br \/>\n<strong><em>\u201cYa excede lo individual. Es un acto de buena fe con el pr\u00f3jimo. Lo m\u00e1s contradictorio es que luego muchos de esos mismos grupos acuden al sistema de salud cuando se enferman\u201d. <\/em><\/strong>Y agreg\u00f3; <strong><em>\u201ccualquier medicamento tiene excipientes, colorantes o componentes qu\u00edmicos. Si fu\u00e9ramos puristas, no podr\u00edamos usar nada de la medicina occidental. Pero vemos gente que se toma cualquier pastilla sin preguntar y luego rechaza vacunas porque alguien lo dijo en redes\u201d.<\/em><\/strong><\/p>\n<p>Domenech cerr\u00f3 con un mensaje firme: <em><strong>\u201cEse nivel de desinformaci\u00f3n es espeluznante. Pone en riesgo la vida de los chicos, de sus hijos y de toda la poblaci\u00f3n. Debemos vacunarnos, informarnos y confiar en la ciencia\u201d.<\/strong><\/em><\/p>\n<p>El \u00c1rea de Salud continuar\u00e1 reforzando campa\u00f1as y controles para garantizar que la comunidad mantenga coberturas adecuadas y evitar el regreso de enfermedades ya controladas en el pa\u00eds.<\/p>\n","protected":false},"excerpt":{"rendered":"<p>El responsable del \u00c1rea de Salud Departamental, Dr. Marcos Domenech, dialog\u00f3 con FM VI\u00d1AS y expres\u00f3 profunda preocupaci\u00f3n por el avance &#8230;<\/p>\n","protected":false},"author":7,"featured_media":155814,"comment_status":"open","ping_status":"open","sticky":false,"template":"","format":"standard","meta":{"footnotes":""},"categories":[15,11],"tags":[],"class_list":["post-155813","post","type-post","status-publish","format-standard","has-post-thumbnail","hentry","category-salud","category-sociales"],"_links":{"self":[{"href":"https:\/\/vinasfm.com\/noticias\/wp-json\/wp\/v2\/posts\/155813","targetHints":{"allow":["GET"]}}],"collection":[{"href":"https:\/\/vinasfm.com\/noticias\/wp-json\/wp\/v2\/posts"}],"about":[{"href":"https:\/\/vinasfm.com\/noticias\/wp-json\/wp\/v2\/types\/post"}],"author":[{"embeddable":true,"href":"https:\/\/vinasfm.com\/noticias\/wp-json\/wp\/v2\/users\/7"}],"replies":[{"embeddable":true,"href":"https:\/\/vinasfm.com\/noticias\/wp-json\/wp\/v2\/comments?post=155813"}],"version-history":[{"count":1,"href":"https:\/\/vinasfm.com\/noticias\/wp-json\/wp\/v2\/posts\/155813\/revisions"}],"predecessor-version":[{"id":155815,"href":"https:\/\/vinasfm.com\/noticias\/wp-json\/wp\/v2\/posts\/155813\/revisions\/155815"}],"wp:featuredmedia":[{"embeddable":true,"href":"https:\/\/vinasfm.com\/noticias\/wp-json\/wp\/v2\/media\/155814"}],"wp:attachment":[{"href":"https:\/\/vinasfm.com\/noticias\/wp-json\/wp\/v2\/media?parent=155813"}],"wp:term":[{"taxonomy":"category","embeddable":true,"href":"https:\/\/vinasfm.com\/noticias\/wp-json\/wp\/v2\/categories?post=155813"},{"taxonomy":"post_tag","embeddable":true,"href":"https:\/\/vinasfm.com\/noticias\/wp-json\/wp\/v2\/tags?post=155813"}],"curies":[{"name":"wp","href":"https:\/\/api.w.org\/{rel}","templated":true}]}}