{"id":155789,"date":"2025-12-01T11:02:25","date_gmt":"2025-12-01T14:02:25","guid":{"rendered":"https:\/\/vinasfm.com\/noticias\/?p=155789"},"modified":"2025-12-02T09:41:04","modified_gmt":"2025-12-02T12:41:04","slug":"dia-mundial-de-la-lucha-contra-el-sida-como-prevenir-el-vih-y-que-programas-hay-en-mendoza","status":"publish","type":"post","link":"https:\/\/vinasfm.com\/noticias\/dia-mundial-de-la-lucha-contra-el-sida-como-prevenir-el-vih-y-que-programas-hay-en-mendoza\/","title":{"rendered":"1 DE DICIEMBRE: D\u00cdA MUNDIAL DE LA LUCHA CONTRA EL SIDA: C\u00d3MO PREVENIR EL VIH Y QU\u00c9 PROGRAMAS HAY EN MENDOZA"},"content":{"rendered":"<h4><strong>El VIH puede no presentar s\u00edntomas durante a\u00f1os: el testeo es la \u00fanica forma de detectarlo. Un especialista explic\u00f3 c\u00f3mo se transmite y recomendaciones para prevenirlo.<\/strong><\/h4>\n<p>Este lunes se conmemora el D\u00eda Mundial de Lucha contra el Sida, la etapa avanzada de la infecci\u00f3n causada por el Virus de Inmunodeficiencia Humana (VIH). La jornada busca concientizar sobre el virus y apoyar los avances en prevenci\u00f3n y tratamiento. C\u00f3mo se puede prevenir y qu\u00e9 programas existen en Mendoza para evitar esta enfermedad.<\/p>\n<p><strong>Qu\u00e9 es el VIH y c\u00f3mo se transmite<\/strong><\/p>\n<p>El VIH es el virus que provoca la infecci\u00f3n que, con el paso de los a\u00f1os, deteriora el sistema inmunol\u00f3gico al destruir los linfocitos T (gl\u00f3bulos blancos). Este debilitamiento favorece la aparici\u00f3n de enfermedades oportunistas o tumores como linfomas o sarcoma de Kaposi, responsables del desarrollo del Sida.<\/p>\n<p>&nbsp;<\/p>\n<p>\u00abLa infecci\u00f3n por VIH tiene un largo per\u00edodo de incubaci\u00f3n, durante el cual puede no generar s\u00edntomas. Por eso, la \u00fanica manera de saber si una persona est\u00e1 infectada es realiz\u00e1ndose un an\u00e1lisis espec\u00edfico para VIH\u00bb, explic\u00f3 a Sitio Andino V\u00edctor Bittar, responsable del Programa Provincial de VIH-Sida de Mendoza.<\/p>\n<p>En este sentido, detall\u00f3 que \u00abel virus se transmite a trav\u00e9s del intercambio de fluidos biol\u00f3gicos, como el semen, las secreciones vaginales o la sangre\u00bb.<\/p>\n<p>Programas de prevenci\u00f3n en Mendoza<br \/>\nEn Mendoza, al igual que en el resto del pa\u00eds, funcionan programas provinciales de prevenci\u00f3n y asistencia para la infecci\u00f3n por VIH. Estos programas garantizan el acceso gratuito al tratamiento, adem\u00e1s de asegurar la confidencialidad de la informaci\u00f3n de cada paciente.<\/p>\n<p>La provincia tambi\u00e9n promovi\u00f3 la creaci\u00f3n de programas municipales, y actualmente 11 municipios han firmado convenios con el programa provincial. \u00abLos municipios aportan recursos humanos para las tareas de prevenci\u00f3n, y desde el programa se proveen preservativos, folleter\u00eda, material informativo y test r\u00e1pidos, para facilitar el acceso al testeo de VIH\u00bb, agreg\u00f3 Bittar.<\/p>\n<p>El objetivo principal es facilitar el acceso al testeo, la \u00fanica forma de confirmar si una persona est\u00e1 infectada con el virus.<\/p>\n<p>Recomendaciones para evitar la transmisi\u00f3n del virus<br \/>\nUso de preservativo en toda pr\u00e1ctica sexual, como m\u00e9todo de barrera.<\/p>\n<p>Prevenci\u00f3n combinada, que incluye: Profilaxis Preexposici\u00f3n (PrEP): medicaci\u00f3n tomada antes de la exposici\u00f3n, con una efectividad superior al 90% en grupos vulnerables. Profilaxis Posexposici\u00f3n (PEP): tratamiento que debe iniciarse lo antes posible tras una pr\u00e1ctica sexual sin protecci\u00f3n.<\/p>\n<p>Acceso a informaci\u00f3n y educaci\u00f3n sexual para reducir el riesgo de infecciones.<\/p>\n<p>En relaci\u00f3n con la sangre, evitar compartir elementos punzocortantes, especialmente jeringas y agujas.<\/p>\n<p>Realizarse un test de VIH si se es sexualmente activo y no se mantiene una relaci\u00f3n monog\u00e1mica con una pareja no infectada.<\/p>\n<p>D\u00f3nde realizar testeos para la prevenci\u00f3n del VIH<br \/>\nUno de los operativos se realizar\u00e1 en Godoy Cruz, donde el municipio, en conjunto con el Programa Provincial de Respuesta al VIH, llevar\u00e1 adelante la campa\u00f1a \u201cMendoza Elige Saber 2025\u201d. La jornada ser\u00e1 este lunes 1 de diciembre, de 10 a 13, en Plaza Godoy Cruz (Col\u00f3n y Lavalle). All\u00ed se podr\u00e1 acceder a testeos r\u00e1pidos, gratuitos, voluntarios y confidenciales, adem\u00e1s de recibir informaci\u00f3n y acompa\u00f1amiento profesional.<\/p>\n<p>El municipio record\u00f3 que el test tambi\u00e9n puede realizarse durante todo el a\u00f1o en el Centro de Salud Municipal N\u00b0 304 Arturo O\u00f1ativia (Barrio Fuchs), de 8 a 17, sin orden m\u00e9dica, sin presentar documentaci\u00f3n y desde los 13 a\u00f1os.<\/p>\n<p>Test r\u00e1pidos en la Universidad Nacional de Cuyo<br \/>\nDe manera simult\u00e1nea, la Universidad Nacional de Cuyo realizar\u00e1 una campa\u00f1a de testeos de VIH y s\u00edfilis destinada tanto a la comunidad universitaria como al p\u00fablico general. Los estudios se desarrollar\u00e1n por demanda espont\u00e1nea, tambi\u00e9n el lunes 1 de diciembre, con dos puntos de acceso:<\/p>\n<p>Centro Universitario de Salud Familiar y Comunitario (CUSFyC) de la Facultad de Ciencias M\u00e9dicas, de 9 a 13.<br \/>\nSalud Estudiantil, junto al Comedor Universitario, de 11 a 14.<br \/>\nLos test se realizan mediante d\u00edgito punci\u00f3n, una t\u00e9cnica sencilla que extrae una peque\u00f1a muestra de sangre y entrega resultados en unos 20 minutos. En caso de resultar positivo, un profesional indicar\u00e1 los pasos para su confirmaci\u00f3n y orientaci\u00f3n m\u00e9dica.<\/p>\n<p>Los hospitales tambi\u00e9n se suman a la iniciativa<br \/>\nEn el Este provincial, el Hospital Dr. Carlos Saporiti, de Rivadavia, tambi\u00e9n participar\u00e1 de la campa\u00f1a \u201cMendoza Elige Saber\u201d. All\u00ed se podr\u00e1 realizar el test de VIH y s\u00edfilis el mi\u00e9rcoles 3 de diciembre, de 9 a 15, de forma gratuita, confidencial y voluntaria.<\/p>\n<p>Por otra parte, el Hospital Pedi\u00e1trico Humberto Notti sumar\u00e1 un nuevo punto de acceso el lunes 1 de diciembre, en su hall central, de 9 a 12.30, bajo el lema \u201cEleg\u00ed saber, \u00a1realizate el test!\u201d.<\/p>\n<h6><span style=\"color: #3366ff;\">Fuente: Sitio Andino<\/span><\/h6>\n","protected":false},"excerpt":{"rendered":"<p>El VIH puede no presentar s\u00edntomas durante a\u00f1os: el testeo es la \u00fanica forma de detectarlo. Un especialista explic\u00f3 c\u00f3mo se &#8230;<\/p>\n","protected":false},"author":7,"featured_media":39685,"comment_status":"open","ping_status":"open","sticky":false,"template":"","format":"standard","meta":{"footnotes":""},"categories":[10,15],"tags":[],"class_list":["post-155789","post","type-post","status-publish","format-standard","has-post-thumbnail","hentry","category-destacadas","category-salud"],"_links":{"self":[{"href":"https:\/\/vinasfm.com\/noticias\/wp-json\/wp\/v2\/posts\/155789","targetHints":{"allow":["GET"]}}],"collection":[{"href":"https:\/\/vinasfm.com\/noticias\/wp-json\/wp\/v2\/posts"}],"about":[{"href":"https:\/\/vinasfm.com\/noticias\/wp-json\/wp\/v2\/types\/post"}],"author":[{"embeddable":true,"href":"https:\/\/vinasfm.com\/noticias\/wp-json\/wp\/v2\/users\/7"}],"replies":[{"embeddable":true,"href":"https:\/\/vinasfm.com\/noticias\/wp-json\/wp\/v2\/comments?post=155789"}],"version-history":[{"count":2,"href":"https:\/\/vinasfm.com\/noticias\/wp-json\/wp\/v2\/posts\/155789\/revisions"}],"predecessor-version":[{"id":155837,"href":"https:\/\/vinasfm.com\/noticias\/wp-json\/wp\/v2\/posts\/155789\/revisions\/155837"}],"wp:featuredmedia":[{"embeddable":true,"href":"https:\/\/vinasfm.com\/noticias\/wp-json\/wp\/v2\/media\/39685"}],"wp:attachment":[{"href":"https:\/\/vinasfm.com\/noticias\/wp-json\/wp\/v2\/media?parent=155789"}],"wp:term":[{"taxonomy":"category","embeddable":true,"href":"https:\/\/vinasfm.com\/noticias\/wp-json\/wp\/v2\/categories?post=155789"},{"taxonomy":"post_tag","embeddable":true,"href":"https:\/\/vinasfm.com\/noticias\/wp-json\/wp\/v2\/tags?post=155789"}],"curies":[{"name":"wp","href":"https:\/\/api.w.org\/{rel}","templated":true}]}}