{"id":155714,"date":"2025-11-29T10:50:39","date_gmt":"2025-11-29T13:50:39","guid":{"rendered":"https:\/\/vinasfm.com\/noticias\/?p=155714"},"modified":"2025-12-01T09:42:14","modified_gmt":"2025-12-01T12:42:14","slug":"sesion-ordinaria-de-prorroga-del-concejo-deliberante-de-general-alvear","status":"publish","type":"post","link":"https:\/\/vinasfm.com\/noticias\/sesion-ordinaria-de-prorroga-del-concejo-deliberante-de-general-alvear\/","title":{"rendered":"SESI\u00d3N ORDINARIA DE PR\u00d3RROGA DEL CONCEJO DELIBERANTE DE GENERAL ALVEAR"},"content":{"rendered":"<h4><span style=\"color: #003300;\"><strong>El Concejo Deliberante de General Alvear llev\u00f3 adelante la \u00faltima Sesi\u00f3n Ordinaria correspondiente al a\u00f1o legislativo, en la cual se aprobaron los expedientes trabajados en las distintas comisiones.<\/strong><\/span><\/h4>\n<p>Adem\u00e1s, tom\u00f3 estado parlamentario el <strong>Proyecto de Presupuesto y la Ordenanza Tarifaria Municipal 2026, que ser\u00e1n analizados en las pr\u00f3ximas instancias de debate.<\/strong><\/p>\n<p>Con el cierre del per\u00edodo ordinario, a partir de este momento el Cuerpo Legislativo sesionar\u00e1 bajo la modalidad de Sesiones Especiales.<\/p>\n<p>Durante la jornada, tambi\u00e9n se realiz\u00f3 la entrega de un reconocimiento especial mediante el cual se declar\u00f3 de Inter\u00e9s Econ\u00f3mico, Productivo y Social, en el marco de su 30\u00ba aniversario, a la empresa Fenix S.A. por su destacada trayectoria y su valioso aporte al desarrollo agroindustrial del departamento, siendo verdaderos embajadores de la regi\u00f3n en el pa\u00eds y el mundo.<\/p>\n","protected":false},"excerpt":{"rendered":"<p>El Concejo Deliberante de General Alvear llev\u00f3 adelante la \u00faltima Sesi\u00f3n Ordinaria correspondiente al a\u00f1o legislativo, en la cual se aprobaron &#8230;<\/p>\n","protected":false},"author":7,"featured_media":155715,"comment_status":"open","ping_status":"open","sticky":false,"template":"","format":"standard","meta":{"footnotes":""},"categories":[10,26],"tags":[],"class_list":["post-155714","post","type-post","status-publish","format-standard","has-post-thumbnail","hentry","category-destacadas","category-hcd"],"_links":{"self":[{"href":"https:\/\/vinasfm.com\/noticias\/wp-json\/wp\/v2\/posts\/155714","targetHints":{"allow":["GET"]}}],"collection":[{"href":"https:\/\/vinasfm.com\/noticias\/wp-json\/wp\/v2\/posts"}],"about":[{"href":"https:\/\/vinasfm.com\/noticias\/wp-json\/wp\/v2\/types\/post"}],"author":[{"embeddable":true,"href":"https:\/\/vinasfm.com\/noticias\/wp-json\/wp\/v2\/users\/7"}],"replies":[{"embeddable":true,"href":"https:\/\/vinasfm.com\/noticias\/wp-json\/wp\/v2\/comments?post=155714"}],"version-history":[{"count":2,"href":"https:\/\/vinasfm.com\/noticias\/wp-json\/wp\/v2\/posts\/155714\/revisions"}],"predecessor-version":[{"id":155717,"href":"https:\/\/vinasfm.com\/noticias\/wp-json\/wp\/v2\/posts\/155714\/revisions\/155717"}],"wp:featuredmedia":[{"embeddable":true,"href":"https:\/\/vinasfm.com\/noticias\/wp-json\/wp\/v2\/media\/155715"}],"wp:attachment":[{"href":"https:\/\/vinasfm.com\/noticias\/wp-json\/wp\/v2\/media?parent=155714"}],"wp:term":[{"taxonomy":"category","embeddable":true,"href":"https:\/\/vinasfm.com\/noticias\/wp-json\/wp\/v2\/categories?post=155714"},{"taxonomy":"post_tag","embeddable":true,"href":"https:\/\/vinasfm.com\/noticias\/wp-json\/wp\/v2\/tags?post=155714"}],"curies":[{"name":"wp","href":"https:\/\/api.w.org\/{rel}","templated":true}]}}