{"id":155697,"date":"2025-11-29T10:22:28","date_gmt":"2025-11-29T13:22:28","guid":{"rendered":"https:\/\/vinasfm.com\/noticias\/?p=155697"},"modified":"2025-11-29T10:22:28","modified_gmt":"2025-11-29T13:22:28","slug":"alerta-por-tormentas-y-posible-caida-de-granizo-en-gran-parte-de-mendoza","status":"publish","type":"post","link":"https:\/\/vinasfm.com\/noticias\/alerta-por-tormentas-y-posible-caida-de-granizo-en-gran-parte-de-mendoza\/","title":{"rendered":"ALERTA POR TORMENTAS Y POSIBLE CA\u00cdDA DE GRANIZO EN GRAN PARTE DE MENDOZA"},"content":{"rendered":"<h4>La Direcci\u00f3n de Defensa Civil de Mendoza emiti\u00f3 un nuevo reporte en el que advierte sobre la continuidad de condiciones clim\u00e1ticas inestables en amplias zonas de la provincia.<\/h4>\n<p>Seg\u00fan el informe oficial, persiste la <strong>probabilidad de tormentas<\/strong> que afectar\u00e1n principalmente al <strong>sur del Valle de Uco, Jun\u00edn, Rivadavia, General Alvear y las zonas bajas de San Rafael<\/strong>. En estos sectores, <strong>no se descarta la ca\u00edda de granizo<\/strong>, por lo que se recomienda a la poblaci\u00f3n tomar las precauciones necesarias para proteger veh\u00edculos, cultivos y estructuras vulnerables.<\/p>\n<p><a href=\"https:\/\/vinasfm.com\/noticias\/wp-content\/uploads\/2025\/11\/IMG-20251129-WA0004.jpg\"><img loading=\"lazy\" decoding=\"async\" class=\"wp-image-155695 aligncenter\" src=\"https:\/\/vinasfm.com\/noticias\/wp-content\/uploads\/2025\/11\/IMG-20251129-WA0004.jpg\" alt=\"\" width=\"498\" height=\"504\" srcset=\"https:\/\/vinasfm.com\/noticias\/wp-content\/uploads\/2025\/11\/IMG-20251129-WA0004.jpg 717w, https:\/\/vinasfm.com\/noticias\/wp-content\/uploads\/2025\/11\/IMG-20251129-WA0004-296x300.jpg 296w\" sizes=\"auto, (max-width: 498px) 100vw, 498px\" \/><\/a><\/p>\n<p>Adem\u00e1s, se anticipa la presencia de <strong>viento Zonda durante la tarde<\/strong>, especialmente en la <strong>zona baja de Malarg\u00fce y el Valle de Uspallata<\/strong>, fen\u00f3meno que podr\u00eda reducir la visibilidad y aumentar la temperatura de manera abrupta. Las autoridades piden estar atentos a posibles interrupciones del suministro el\u00e9ctrico y evitar actividades al aire libre durante el evento.<\/p>\n<p>En paralelo, tambi\u00e9n se prev\u00e9n <strong>tormentas con precipitaciones moderadas en el Este provincial<\/strong>, abarcando <strong>Las Heras, Lavalle, La Paz, San Mart\u00edn y Santa Rosa<\/strong>, donde nuevamente <strong>no se descarta la ocurrencia de granizo<\/strong>.<\/p>\n<p><a href=\"https:\/\/vinasfm.com\/noticias\/wp-content\/uploads\/2025\/11\/IMG-20251129-WA0005.jpg\"><img loading=\"lazy\" decoding=\"async\" class=\"wp-image-155696 aligncenter\" src=\"https:\/\/vinasfm.com\/noticias\/wp-content\/uploads\/2025\/11\/IMG-20251129-WA0005.jpg\" alt=\"\" width=\"500\" height=\"508\" srcset=\"https:\/\/vinasfm.com\/noticias\/wp-content\/uploads\/2025\/11\/IMG-20251129-WA0005.jpg 713w, https:\/\/vinasfm.com\/noticias\/wp-content\/uploads\/2025\/11\/IMG-20251129-WA0005-295x300.jpg 295w\" sizes=\"auto, (max-width: 500px) 100vw, 500px\" \/><\/a><\/p>\n<p>Defensa Civil solicita a los mendocinos y mendocinas mantenerse informados a trav\u00e9s de los canales oficiales y seguir las recomendaciones de seguridad ante la posibilidad de fen\u00f3menos severos.<\/p>\n","protected":false},"excerpt":{"rendered":"<p>La Direcci\u00f3n de Defensa Civil de Mendoza emiti\u00f3 un nuevo reporte en el que advierte sobre la continuidad de condiciones clim\u00e1ticas &#8230;<\/p>\n","protected":false},"author":7,"featured_media":152434,"comment_status":"open","ping_status":"open","sticky":false,"template":"","format":"standard","meta":{"footnotes":""},"categories":[1],"tags":[],"class_list":["post-155697","post","type-post","status-publish","format-standard","has-post-thumbnail","hentry","category-fmvinas"],"_links":{"self":[{"href":"https:\/\/vinasfm.com\/noticias\/wp-json\/wp\/v2\/posts\/155697","targetHints":{"allow":["GET"]}}],"collection":[{"href":"https:\/\/vinasfm.com\/noticias\/wp-json\/wp\/v2\/posts"}],"about":[{"href":"https:\/\/vinasfm.com\/noticias\/wp-json\/wp\/v2\/types\/post"}],"author":[{"embeddable":true,"href":"https:\/\/vinasfm.com\/noticias\/wp-json\/wp\/v2\/users\/7"}],"replies":[{"embeddable":true,"href":"https:\/\/vinasfm.com\/noticias\/wp-json\/wp\/v2\/comments?post=155697"}],"version-history":[{"count":2,"href":"https:\/\/vinasfm.com\/noticias\/wp-json\/wp\/v2\/posts\/155697\/revisions"}],"predecessor-version":[{"id":155699,"href":"https:\/\/vinasfm.com\/noticias\/wp-json\/wp\/v2\/posts\/155697\/revisions\/155699"}],"wp:featuredmedia":[{"embeddable":true,"href":"https:\/\/vinasfm.com\/noticias\/wp-json\/wp\/v2\/media\/152434"}],"wp:attachment":[{"href":"https:\/\/vinasfm.com\/noticias\/wp-json\/wp\/v2\/media?parent=155697"}],"wp:term":[{"taxonomy":"category","embeddable":true,"href":"https:\/\/vinasfm.com\/noticias\/wp-json\/wp\/v2\/categories?post=155697"},{"taxonomy":"post_tag","embeddable":true,"href":"https:\/\/vinasfm.com\/noticias\/wp-json\/wp\/v2\/tags?post=155697"}],"curies":[{"name":"wp","href":"https:\/\/api.w.org\/{rel}","templated":true}]}}