{"id":155688,"date":"2025-11-28T12:08:53","date_gmt":"2025-11-28T15:08:53","guid":{"rendered":"https:\/\/vinasfm.com\/noticias\/?p=155688"},"modified":"2025-12-01T08:42:22","modified_gmt":"2025-12-01T11:42:22","slug":"atuel-abrazo-de-vendimia-sera-la-vendimia-departamental-2026","status":"publish","type":"post","link":"https:\/\/vinasfm.com\/noticias\/atuel-abrazo-de-vendimia-sera-la-vendimia-departamental-2026\/","title":{"rendered":"\u00abATUEL, ABRAZO DE VENDIMIA\u00bb SER\u00c1 LA VENDIMIA DEPARTAMENTAL 2026"},"content":{"rendered":"<h4><strong><span style=\"color: #003300;\">General Avear ya palpita su Fiesta Departamental de la Vendimia. En la tarde del jueves, el jurado seleccion\u00f3 al equipo ganador que tendr\u00e1 a su cargo la creaci\u00f3n y direcci\u00f3n de la Vendimia Departamental 2026, que se realizar\u00e1 el 31 de enero a las 20:00 horas en la Plaza Departamental.<\/span><\/strong><\/h4>\n<p>En di\u00e1logo exclusivo con <span style=\"color: #993366;\"><strong>FM VI\u00d1AS<\/strong><\/span>, la <em>directora de Cultura<\/em>, <span style=\"color: #003366;\"><strong>Mar\u00eda Delia Achetoni<\/strong><\/span>, y la <em>directora General de Vendimia 2026<\/em>, <span style=\"color: #003366;\"><strong>Natalia Olgu\u00edn<\/strong><\/span>, brindaron todos los detalles del nuevo espect\u00e1culo que lleva por t\u00edtulo:<em> \u00abAtuel, Abrazo de Vendimia\u00bb.<\/em><\/p>\n<p>Achetoni revel\u00f3 que la decisi\u00f3n del jurado fue dif\u00edcil, pero se inclinaron por una propuesta <em><strong>\u00abmaravillosa, donde un equipo est\u00e1 muy fusionado, tiene m\u00fasica en vivo y hay una historia del amor entre el r\u00edo Atuel y una vi\u00f1atera\u00bb.<\/strong><\/em><\/p>\n<h3>El Equipo Detr\u00e1s de la Fiesta<\/h3>\n<p>La Directora General, Natalia Olgu\u00edn, present\u00f3 al equipo completo de talentos locales que dar\u00e1n vida a esta celebraci\u00f3n:<\/p>\n<ul>\n<li>Directora General y Escenograf\u00eda: <strong>Natalia Olgu\u00edn<\/strong><\/li>\n<li>Guionista y Directora Actoral: <strong>Gabriela Garro<\/strong><\/li>\n<li>Director Musical: <strong>Nicol\u00e1s Bello<\/strong><\/li>\n<li>Directora Coreogr\u00e1fica: <strong>Macarena Vignati<\/strong><\/li>\n<\/ul>\n<p>Olgu\u00edn, visiblemente emocionada, destac\u00f3: \u00ab<em><strong>Siempre hemos estado del lado como artistas, es la primera vez que estamos dirigiendo una Vendimia, as\u00ed que estamos muy emocionados y con muchas ganas de trabajar\u00bb.<\/strong><\/em><\/p>\n<p>Uno de los puntos m\u00e1s destacados de la propuesta es la fuerte participaci\u00f3n musical, donde el Director Nicol\u00e1s Bello compuso gran parte del repertorio. \u00ab<em><strong>La participaci\u00f3n musical tiene muy buen protagonismo, ya que la mayor\u00eda de las canciones son propias de Nico y est\u00e1n producidas especialmente para el guion\u00bb<\/strong><\/em>, afirm\u00f3 Olgu\u00edn.<\/p>\n<p>El espect\u00e1culo, de una hora de duraci\u00f3n, <strong>contar\u00e1 con momentos actorales y cuadros de bailarines muy importantes, sin que pueda faltar el tradicional cuadro cuyano que rinde homenaje a las ra\u00edces del departamento.<\/strong><\/p>\n<p>Con dos meses por delante para la puesta a punto, las directoras se mostraron \u00abentusiasmadas\u00bb con lo que promete ser una Vendimia inolvidable para General Alvear.<\/p>\n","protected":false},"excerpt":{"rendered":"<p>General Avear ya palpita su Fiesta Departamental de la Vendimia. En la tarde del jueves, el jurado seleccion\u00f3 al equipo ganador &#8230;<\/p>\n","protected":false},"author":7,"featured_media":155690,"comment_status":"open","ping_status":"open","sticky":false,"template":"","format":"standard","meta":{"footnotes":""},"categories":[19,4],"tags":[],"class_list":["post-155688","post","type-post","status-publish","format-standard","has-post-thumbnail","hentry","category-cultura","category-policiales"],"_links":{"self":[{"href":"https:\/\/vinasfm.com\/noticias\/wp-json\/wp\/v2\/posts\/155688","targetHints":{"allow":["GET"]}}],"collection":[{"href":"https:\/\/vinasfm.com\/noticias\/wp-json\/wp\/v2\/posts"}],"about":[{"href":"https:\/\/vinasfm.com\/noticias\/wp-json\/wp\/v2\/types\/post"}],"author":[{"embeddable":true,"href":"https:\/\/vinasfm.com\/noticias\/wp-json\/wp\/v2\/users\/7"}],"replies":[{"embeddable":true,"href":"https:\/\/vinasfm.com\/noticias\/wp-json\/wp\/v2\/comments?post=155688"}],"version-history":[{"count":5,"href":"https:\/\/vinasfm.com\/noticias\/wp-json\/wp\/v2\/posts\/155688\/revisions"}],"predecessor-version":[{"id":155725,"href":"https:\/\/vinasfm.com\/noticias\/wp-json\/wp\/v2\/posts\/155688\/revisions\/155725"}],"wp:featuredmedia":[{"embeddable":true,"href":"https:\/\/vinasfm.com\/noticias\/wp-json\/wp\/v2\/media\/155690"}],"wp:attachment":[{"href":"https:\/\/vinasfm.com\/noticias\/wp-json\/wp\/v2\/media?parent=155688"}],"wp:term":[{"taxonomy":"category","embeddable":true,"href":"https:\/\/vinasfm.com\/noticias\/wp-json\/wp\/v2\/categories?post=155688"},{"taxonomy":"post_tag","embeddable":true,"href":"https:\/\/vinasfm.com\/noticias\/wp-json\/wp\/v2\/tags?post=155688"}],"curies":[{"name":"wp","href":"https:\/\/api.w.org\/{rel}","templated":true}]}}