{"id":155680,"date":"2025-11-28T12:36:08","date_gmt":"2025-11-28T15:36:08","guid":{"rendered":"https:\/\/vinasfm.com\/noticias\/?p=155680"},"modified":"2025-11-29T10:40:04","modified_gmt":"2025-11-29T13:40:04","slug":"granizo-afecto-una-zona-acotada-de-general-alvear-balance-positivo-tras-la-tormenta","status":"publish","type":"post","link":"https:\/\/vinasfm.com\/noticias\/granizo-afecto-una-zona-acotada-de-general-alvear-balance-positivo-tras-la-tormenta\/","title":{"rendered":"GRANIZO AFECT\u00d3 UNA ZONA ACOTADA DE GENERAL ALVEAR: BALANCE POSITIVO TRAS LA TORMENTA"},"content":{"rendered":"<h4><span style=\"color: #003300;\"><strong>El director de Agricultura, Agust\u00edn Anzorena, inform\u00f3 en di\u00e1logo con FM VI\u00d1AS\u00a0que las tormentas registradas entre el jueves y la madrugada del viernes dejaron granizo en un sector puntual del departamento, aunque sin da\u00f1os de gravedad en las plantas.<\/strong><\/span><\/h4>\n<p>Seg\u00fan detall\u00f3, funcionarios realizaron un <strong>recorrido por diversos parajes<\/strong> como Poste de Hierro, El Ceibo, Escandinava y otros puntos rurales. Fue precisamente en <strong>La Escandinava<\/strong> donde se constat\u00f3 ca\u00edda de granizo <strong>entre peque\u00f1o y mediano<\/strong>, sin afectar la estructura de los cultivos. Sin embargo, s\u00ed se verific\u00f3 <strong>fruta marcada<\/strong> en damascos, duraznos y ciruelas.<\/p>\n<p><strong><em>\u201cNo vemos fruta en el suelo ni p\u00e9rdidas masivas, pero la fruta marcada pierde valor comercial para fresco y queda destinada a industria\u201d<\/em><\/strong>, explic\u00f3 Anzorena.<\/p>\n<h3><strong>Aviones antigranizo y trabajo preventivo<\/strong><\/h3>\n<p>El funcionario destac\u00f3 que el sistema de mitigaci\u00f3n oper\u00f3 durante toda la tarde y la noche. La tormenta que afect\u00f3 La Escandinava se habr\u00eda producido <strong>entre las 2:30 y las 3:00 de la madrugada<\/strong>.<\/p>\n<p><em><strong>\u201cEs la tercera tormenta desde que est\u00e1n activos los aviones y es la primera con ca\u00edda de granizo. Aun as\u00ed, el balance es positivo\u201d<\/strong><\/em>, se\u00f1al\u00f3. El viento de la tormenta anterior tambi\u00e9n provoc\u00f3 \u201crameo\u201d y ca\u00edda menor de fruta, aunque sin impactos severos.<\/p>\n<p><a href=\"https:\/\/vinasfm.com\/noticias\/wp-content\/uploads\/2025\/11\/IMG-20251128-WA0041.jpg\"><img loading=\"lazy\" decoding=\"async\" class=\"wp-image-155686 aligncenter\" src=\"https:\/\/vinasfm.com\/noticias\/wp-content\/uploads\/2025\/11\/IMG-20251128-WA0041-1024x576.jpg\" alt=\"\" width=\"560\" height=\"315\" srcset=\"https:\/\/vinasfm.com\/noticias\/wp-content\/uploads\/2025\/11\/IMG-20251128-WA0041-1024x576.jpg 1024w, https:\/\/vinasfm.com\/noticias\/wp-content\/uploads\/2025\/11\/IMG-20251128-WA0041-300x169.jpg 300w, https:\/\/vinasfm.com\/noticias\/wp-content\/uploads\/2025\/11\/IMG-20251128-WA0041-768x432.jpg 768w, https:\/\/vinasfm.com\/noticias\/wp-content\/uploads\/2025\/11\/IMG-20251128-WA0041-1536x864.jpg 1536w, https:\/\/vinasfm.com\/noticias\/wp-content\/uploads\/2025\/11\/IMG-20251128-WA0041-750x420.jpg 750w, https:\/\/vinasfm.com\/noticias\/wp-content\/uploads\/2025\/11\/IMG-20251128-WA0041-1140x641.jpg 1140w, https:\/\/vinasfm.com\/noticias\/wp-content\/uploads\/2025\/11\/IMG-20251128-WA0041.jpg 1600w\" sizes=\"auto, (max-width: 560px) 100vw, 560px\" \/><\/a><\/p>\n<p>Consultado por la notable baja en la producci\u00f3n de ciruela detectada este a\u00f1o, Anzorena sostuvo que <strong>a\u00fan no hay un dato cient\u00edfico preciso<\/strong> y que existen varias hip\u00f3tesis entre los productores: heladas tard\u00edas, problemas de polinizaci\u00f3n o efectos del viento.<\/p>\n<p><strong><em>\u201cLo \u00fanico cierto es que hay una merma importante. Algunos hablan de 20, 30 o hasta 50%, pero reci\u00e9n con la cosecha se podr\u00e1n definir los n\u00fameros reales\u201d<\/em><\/strong>, asegur\u00f3.<\/p>\n<h3><strong>Mercado inestable y precios variables<\/strong><\/h3>\n<p>Sobre los precios actuales de la fruta de primicia como damascos, duraznos y nectarinos, advirti\u00f3 que el <strong>mercado fresco est\u00e1 saturado<\/strong> y los valores fluct\u00faan r\u00e1pidamente: \u201c<strong><em>Hay durazno que se entrega sin precio en algunas industrias. En fresco llega a Buenos Aires con un valor, pero el consumidor no compra y la fruta se pierde\u201d.<\/em><\/strong><\/p>\n<p>Anzorena remarc\u00f3 que la realidad productiva contin\u00faa marcada por <strong>vaivenes clim\u00e1ticos y comerciales<\/strong>, que afectan al sector desde hace varias temporadas.<\/p>\n","protected":false},"excerpt":{"rendered":"<p>El director de Agricultura, Agust\u00edn Anzorena, inform\u00f3 en di\u00e1logo con FM VI\u00d1AS\u00a0que las tormentas registradas entre el jueves y la madrugada &#8230;<\/p>\n","protected":false},"author":7,"featured_media":155687,"comment_status":"open","ping_status":"open","sticky":false,"template":"","format":"standard","meta":{"footnotes":""},"categories":[1],"tags":[],"class_list":["post-155680","post","type-post","status-publish","format-standard","has-post-thumbnail","hentry","category-fmvinas"],"_links":{"self":[{"href":"https:\/\/vinasfm.com\/noticias\/wp-json\/wp\/v2\/posts\/155680","targetHints":{"allow":["GET"]}}],"collection":[{"href":"https:\/\/vinasfm.com\/noticias\/wp-json\/wp\/v2\/posts"}],"about":[{"href":"https:\/\/vinasfm.com\/noticias\/wp-json\/wp\/v2\/types\/post"}],"author":[{"embeddable":true,"href":"https:\/\/vinasfm.com\/noticias\/wp-json\/wp\/v2\/users\/7"}],"replies":[{"embeddable":true,"href":"https:\/\/vinasfm.com\/noticias\/wp-json\/wp\/v2\/comments?post=155680"}],"version-history":[{"count":4,"href":"https:\/\/vinasfm.com\/noticias\/wp-json\/wp\/v2\/posts\/155680\/revisions"}],"predecessor-version":[{"id":155713,"href":"https:\/\/vinasfm.com\/noticias\/wp-json\/wp\/v2\/posts\/155680\/revisions\/155713"}],"wp:featuredmedia":[{"embeddable":true,"href":"https:\/\/vinasfm.com\/noticias\/wp-json\/wp\/v2\/media\/155687"}],"wp:attachment":[{"href":"https:\/\/vinasfm.com\/noticias\/wp-json\/wp\/v2\/media?parent=155680"}],"wp:term":[{"taxonomy":"category","embeddable":true,"href":"https:\/\/vinasfm.com\/noticias\/wp-json\/wp\/v2\/categories?post=155680"},{"taxonomy":"post_tag","embeddable":true,"href":"https:\/\/vinasfm.com\/noticias\/wp-json\/wp\/v2\/tags?post=155680"}],"curies":[{"name":"wp","href":"https:\/\/api.w.org\/{rel}","templated":true}]}}