{"id":155643,"date":"2025-11-28T09:20:35","date_gmt":"2025-11-28T12:20:35","guid":{"rendered":"https:\/\/vinasfm.com\/noticias\/?p=155643"},"modified":"2025-11-28T11:38:47","modified_gmt":"2025-11-28T14:38:47","slug":"municipios-del-sur-mendocino-avanzan-en-la-implementacion-de-la-ley-de-gestion-integral-de-residuos","status":"publish","type":"post","link":"https:\/\/vinasfm.com\/noticias\/municipios-del-sur-mendocino-avanzan-en-la-implementacion-de-la-ley-de-gestion-integral-de-residuos\/","title":{"rendered":"MUNICIPIOS DEL SUR MENDOCINO AVANZAN EN LA IMPLEMENTACI\u00d3N DE LA LEY DE GESTI\u00d3N INTEGRAL DE RESIDUOS"},"content":{"rendered":"<h4><span style=\"color: #003300;\"><strong>En Casa Salonia se desarroll\u00f3 una reuni\u00f3n de trabajo vinculada a la aplicaci\u00f3n de la Ley de Gesti\u00f3n Integral de Residuos S\u00f3lidos Urbanos, recientemente aprobada en la provincia. La actividad reuni\u00f3 a representantes de la Municipalidad de General Alvear, San Rafael y Malarg\u00fce, junto a funcionarios provinciales y actores del sector del recupero urbano.<\/strong><\/span><\/h4>\n<p>El <em>asesor de Gesti\u00f3n Ambiental de la Municipalidad de General Alvear<\/em>, <span style=\"color: #003300;\"><strong>Denis Rabanal<\/strong><\/span>, explic\u00f3 que la normativa<strong> incorpora con fuerza el componente social de los residuos, reconociendo el rol que desempe\u00f1an los recuperadores urbanos y las cooperativas<\/strong>. Adem\u00e1s, subray\u00f3 la importancia de la econom\u00eda circular como eje de la reglamentaci\u00f3n en desarrollo.<\/p>\n<p>En este marco, la provincia est\u00e1 recorriendo las distintas zonas \u2013norte, centro, este y sur\u2013 para identificar necesidades y coordinar acciones<strong>. En la reuni\u00f3n de zona sur participaron recuperadores urbanos de General Alvear y la cooperativa Anulen Suyai, quienes trabajaron en una mesa taller destinada a plantear las demandas y dificultades que enfrentan en su actividad.<\/strong> Los municipios tambi\u00e9n expusieron sus responsabilidades y requerimientos en relaci\u00f3n con el sistema de gesti\u00f3n de residuos.<\/p>\n<p>Rabanal se\u00f1al\u00f3 que se avanza en el Programa Provincial de Recuperadores Urbanos, mediante el cual el a\u00f1o pr\u00f3ximo la provincia destinar\u00e1 fondos orientados a fortalecer y formalizar el trabajo que realizan los recuperadores en los dieciocho departamentos.<\/p>\n","protected":false},"excerpt":{"rendered":"<p>En Casa Salonia se desarroll\u00f3 una reuni\u00f3n de trabajo vinculada a la aplicaci\u00f3n de la Ley de Gesti\u00f3n Integral de Residuos &#8230;<\/p>\n","protected":false},"author":7,"featured_media":155644,"comment_status":"open","ping_status":"open","sticky":false,"template":"","format":"standard","meta":{"footnotes":""},"categories":[5,10],"tags":[],"class_list":["post-155643","post","type-post","status-publish","format-standard","has-post-thumbnail","hentry","category-actualidad","category-destacadas"],"_links":{"self":[{"href":"https:\/\/vinasfm.com\/noticias\/wp-json\/wp\/v2\/posts\/155643","targetHints":{"allow":["GET"]}}],"collection":[{"href":"https:\/\/vinasfm.com\/noticias\/wp-json\/wp\/v2\/posts"}],"about":[{"href":"https:\/\/vinasfm.com\/noticias\/wp-json\/wp\/v2\/types\/post"}],"author":[{"embeddable":true,"href":"https:\/\/vinasfm.com\/noticias\/wp-json\/wp\/v2\/users\/7"}],"replies":[{"embeddable":true,"href":"https:\/\/vinasfm.com\/noticias\/wp-json\/wp\/v2\/comments?post=155643"}],"version-history":[{"count":1,"href":"https:\/\/vinasfm.com\/noticias\/wp-json\/wp\/v2\/posts\/155643\/revisions"}],"predecessor-version":[{"id":155645,"href":"https:\/\/vinasfm.com\/noticias\/wp-json\/wp\/v2\/posts\/155643\/revisions\/155645"}],"wp:featuredmedia":[{"embeddable":true,"href":"https:\/\/vinasfm.com\/noticias\/wp-json\/wp\/v2\/media\/155644"}],"wp:attachment":[{"href":"https:\/\/vinasfm.com\/noticias\/wp-json\/wp\/v2\/media?parent=155643"}],"wp:term":[{"taxonomy":"category","embeddable":true,"href":"https:\/\/vinasfm.com\/noticias\/wp-json\/wp\/v2\/categories?post=155643"},{"taxonomy":"post_tag","embeddable":true,"href":"https:\/\/vinasfm.com\/noticias\/wp-json\/wp\/v2\/tags?post=155643"}],"curies":[{"name":"wp","href":"https:\/\/api.w.org\/{rel}","templated":true}]}}