{"id":155620,"date":"2025-11-27T20:12:34","date_gmt":"2025-11-27T23:12:34","guid":{"rendered":"https:\/\/vinasfm.com\/noticias\/?p=155620"},"modified":"2025-11-28T09:55:20","modified_gmt":"2025-11-28T12:55:20","slug":"nueva-edicion-del-torneo-de-ajedrez-local","status":"publish","type":"post","link":"https:\/\/vinasfm.com\/noticias\/nueva-edicion-del-torneo-de-ajedrez-local\/","title":{"rendered":"LLEGA UNA NUEVA EDICI\u00d3N DEL TORNEO DE AJEDREZ LOCAL"},"content":{"rendered":"<h4><span style=\"color: #003300;\"><strong>La Municipalidad de General Alvear present\u00f3 una nueva edici\u00f3n del Abierto de General Alvear y de la Copa Fara\u00f3n, que se desarrollar\u00e1n el 29 y 30 de noviembre en el Multiespacio Cultural Bodega Fara\u00f3n. La conferencia de prensa estuvo a cargo del director de Turismo, Gustavo Garc\u00eda, y del profesor de ajedrez Sebasti\u00e1n Lieby, y se realiz\u00f3 en el nuevo bulevar de avenida Alvear Este, donde se ubican mesas de ajedrez al aire libre.<\/strong><\/span><\/h4>\n<p>Garc\u00eda se\u00f1al\u00f3 que el certamen convocar\u00e1 a m\u00e1s de 70 jugadores y destac\u00f3 el acompa\u00f1amiento del municipio. <em><strong>\u201cEste fin de semana tenemos la suerte de contar con este evento tan importante. Deporte organiza el torneo, pero Turismo tambi\u00e9n forma parte porque nos visitar\u00e1n m\u00e1s de 70 jugadores y la Municipalidad ha hecho un esfuerzo con un premio de un mill\u00f3n de pesos. Esto pone en valor las bondades de General Alvear, por eso se realiza en Bodega Fara\u00f3n. Promocionarlo en el bulevar tambi\u00e9n resalta la importancia de contar con este espacio con mesas de ajedrez, que invita a practicar y acercar este deporte a chicos y familias\u201d<\/strong><\/em>, afirm\u00f3.<\/p>\n<p>Lieby detall\u00f3 que se trata de la novena edici\u00f3n del Abierto de General Alvear, abierto a participantes de todas las edades y niveles. Explic\u00f3 que el torneo principal se jugar\u00e1 a 20 minutos por jugador, comenzar\u00e1 el s\u00e1bado a las 15 y finalizar\u00e1 el domingo alrededor de las 17. Adem\u00e1s, anticip\u00f3 la presencia de referentes del ajedrez nacional, entre ellos el maestro Daniel P\u00e9rez y Guillermo Soppe, dos veces campe\u00f3n argentino y maestro internacional.<\/p>\n<p><a href=\"https:\/\/vinasfm.com\/noticias\/wp-content\/uploads\/2025\/11\/IMG-20251009-WA0030-e1764069651407.jpg\"><img loading=\"lazy\" decoding=\"async\" class=\"alignnone size-large wp-image-155466\" src=\"https:\/\/vinasfm.com\/noticias\/wp-content\/uploads\/2025\/11\/IMG-20251009-WA0030-e1764069651407-1024x650.jpg\" alt=\"\" width=\"1024\" height=\"650\" srcset=\"https:\/\/vinasfm.com\/noticias\/wp-content\/uploads\/2025\/11\/IMG-20251009-WA0030-e1764069651407-1024x650.jpg 1024w, https:\/\/vinasfm.com\/noticias\/wp-content\/uploads\/2025\/11\/IMG-20251009-WA0030-e1764069651407-300x191.jpg 300w, https:\/\/vinasfm.com\/noticias\/wp-content\/uploads\/2025\/11\/IMG-20251009-WA0030-e1764069651407-768x488.jpg 768w, https:\/\/vinasfm.com\/noticias\/wp-content\/uploads\/2025\/11\/IMG-20251009-WA0030-e1764069651407.jpg 1280w\" sizes=\"auto, (max-width: 1024px) 100vw, 1024px\" \/><\/a> <a href=\"https:\/\/vinasfm.com\/noticias\/wp-content\/uploads\/2025\/11\/IMG-20251009-WA0030-1.jpg\"><img loading=\"lazy\" decoding=\"async\" class=\"alignnone size-large wp-image-155621\" src=\"https:\/\/vinasfm.com\/noticias\/wp-content\/uploads\/2025\/11\/IMG-20251009-WA0030-1-819x1024.jpg\" alt=\"\" width=\"819\" height=\"1024\" srcset=\"https:\/\/vinasfm.com\/noticias\/wp-content\/uploads\/2025\/11\/IMG-20251009-WA0030-1-819x1024.jpg 819w, https:\/\/vinasfm.com\/noticias\/wp-content\/uploads\/2025\/11\/IMG-20251009-WA0030-1-240x300.jpg 240w, https:\/\/vinasfm.com\/noticias\/wp-content\/uploads\/2025\/11\/IMG-20251009-WA0030-1-768x960.jpg 768w, https:\/\/vinasfm.com\/noticias\/wp-content\/uploads\/2025\/11\/IMG-20251009-WA0030-1-1229x1536.jpg 1229w, https:\/\/vinasfm.com\/noticias\/wp-content\/uploads\/2025\/11\/IMG-20251009-WA0030-1.jpg 1280w\" sizes=\"auto, (max-width: 819px) 100vw, 819px\" \/><\/a><\/p>\n<p>En paralelo, el s\u00e1bado a las 19.30 se disputar\u00e1 la octava edici\u00f3n de la Copa Fara\u00f3n, una competencia de ajedrez r\u00e1pido a 3 minutos por jugador, que tambi\u00e9n mantiene inscripci\u00f3n abierta a todo p\u00fablico. Durante las dos jornadas se realizar\u00e1 una Cena Show con degustaci\u00f3n de vinos como parte de las actividades previstas.<\/p>\n<p><strong>Ambos torneos repartir\u00e1n un total de un mill\u00f3n de pesos en premios, adem\u00e1s de trofeos y medallas para las distintas categor\u00edas, desde sub 8 hasta sub 20. Las autoridades invitaron a vecinos y visitantes a acercarse y ser parte de este encuentro que ya forma parte del calendario deportivo local.<\/strong><\/p>\n","protected":false},"excerpt":{"rendered":"<p>La Municipalidad de General Alvear present\u00f3 una nueva edici\u00f3n del Abierto de General Alvear y de la Copa Fara\u00f3n, que se &#8230;<\/p>\n","protected":false},"author":7,"featured_media":155622,"comment_status":"open","ping_status":"open","sticky":false,"template":"","format":"standard","meta":{"footnotes":""},"categories":[3,11],"tags":[],"class_list":["post-155620","post","type-post","status-publish","format-standard","has-post-thumbnail","hentry","category-deportes","category-sociales"],"_links":{"self":[{"href":"https:\/\/vinasfm.com\/noticias\/wp-json\/wp\/v2\/posts\/155620","targetHints":{"allow":["GET"]}}],"collection":[{"href":"https:\/\/vinasfm.com\/noticias\/wp-json\/wp\/v2\/posts"}],"about":[{"href":"https:\/\/vinasfm.com\/noticias\/wp-json\/wp\/v2\/types\/post"}],"author":[{"embeddable":true,"href":"https:\/\/vinasfm.com\/noticias\/wp-json\/wp\/v2\/users\/7"}],"replies":[{"embeddable":true,"href":"https:\/\/vinasfm.com\/noticias\/wp-json\/wp\/v2\/comments?post=155620"}],"version-history":[{"count":2,"href":"https:\/\/vinasfm.com\/noticias\/wp-json\/wp\/v2\/posts\/155620\/revisions"}],"predecessor-version":[{"id":155662,"href":"https:\/\/vinasfm.com\/noticias\/wp-json\/wp\/v2\/posts\/155620\/revisions\/155662"}],"wp:featuredmedia":[{"embeddable":true,"href":"https:\/\/vinasfm.com\/noticias\/wp-json\/wp\/v2\/media\/155622"}],"wp:attachment":[{"href":"https:\/\/vinasfm.com\/noticias\/wp-json\/wp\/v2\/media?parent=155620"}],"wp:term":[{"taxonomy":"category","embeddable":true,"href":"https:\/\/vinasfm.com\/noticias\/wp-json\/wp\/v2\/categories?post=155620"},{"taxonomy":"post_tag","embeddable":true,"href":"https:\/\/vinasfm.com\/noticias\/wp-json\/wp\/v2\/tags?post=155620"}],"curies":[{"name":"wp","href":"https:\/\/api.w.org\/{rel}","templated":true}]}}