{"id":155613,"date":"2025-11-27T11:33:46","date_gmt":"2025-11-27T14:33:46","guid":{"rendered":"https:\/\/vinasfm.com\/noticias\/?p=155613"},"modified":"2025-11-28T09:55:46","modified_gmt":"2025-11-28T12:55:46","slug":"defensa-civil-informo-que-la-tormenta-dejo-danos-menores-en-el-departamento-y-llamo-a-reforzar-medidas-de-prevencion","status":"publish","type":"post","link":"https:\/\/vinasfm.com\/noticias\/defensa-civil-informo-que-la-tormenta-dejo-danos-menores-en-el-departamento-y-llamo-a-reforzar-medidas-de-prevencion\/","title":{"rendered":"DEFENSA CIVIL INFORM\u00d3 QUE LA TORMENTA DEJ\u00d3 DA\u00d1OS MENORES EN EL DEPARTAMENTO Y LLAM\u00d3 A REFORZAR MEDIDAS DE PREVENCI\u00d3N"},"content":{"rendered":"<h4><span style=\"color: #003300;\"><strong>El director de Defensa Civil de General Alvear, Javier Velasco, brind\u00f3 detalles sobre la tormenta registrada este mi\u00e9rcoles por la tarde, la cual comenz\u00f3 cerca de las 16 horas y se desarroll\u00f3 con vientos de alrededor de 20 km\/h y r\u00e1fagas que alcanzaron los 30 km\/h.<\/strong><\/span><\/h4>\n<p>Velasco destac\u00f3 que, pese a las condiciones clim\u00e1ticas, <strong>no se registraron da\u00f1os graves ni intervenciones de contingencia<\/strong>, ya que no hubo voladuras de techos ni personas en situaci\u00f3n de riesgo. <em><strong>\u201cFue una tormenta bastante tranquila\u201d<\/strong><\/em>, se\u00f1al\u00f3.<\/p>\n<p>El funcionario inform\u00f3 que solo se produjo <strong>la ca\u00edda de algunas ramas<\/strong>, y valor\u00f3 el trabajo preventivo de <strong>Servicios P\u00fablicos<\/strong>, especialmente en tareas de poda y limpieza. Tambi\u00e9n resalt\u00f3 la labor de <strong>Obras P\u00fablicas<\/strong>, que conform\u00f3 cuadrillas r\u00e1pidas de intervenci\u00f3n para resolver los pocos incidentes registrados.<\/p>\n<p>En paralelo, <a class=\"x1i10hfl xjbqb8w x1ejq31n x18oe1m7 x1sy0etr xstzfhl x972fbf x10w94by x1qhh985 x14e42zd x9f619 x1ypdohk xt0psk2 x3ct3a4 xdj266r x14z9mp xat24cr x1lziwak xexx8yu xyri2b x18d9i69 x1c1uobl x16tdsg8 x1hl2dhg xggy1nq x1a2a7pz x1heor9g xkrqix3 x1sur9pj x1pd3egz xq9mrsl\" tabindex=\"0\" role=\"link\" href=\"https:\/\/www.facebook.com\/cecsagal\" aria-label=\"Cooperativa Cecsagal\">Cecsagal <\/a>tuvo una jornada de intenso trabajo debido a ca\u00eddas de \u00e1rboles sobre l\u00edneas el\u00e9ctricas, especialmente en la zona de <strong>calle Santa Fe y Centenario<\/strong>, situaci\u00f3n que se vincula a los incendios del invierno que debilitaron distintos ejemplares.<\/p>\n<p>Velasco confirm\u00f3 que en la zona urbana se registraron entre <strong>17 y 18 mil\u00edmetros<\/strong> de lluvia, una precipitaci\u00f3n esperada por los productores y vecinos. Adem\u00e1s, adelant\u00f3 que el pron\u00f3stico indica <strong>probabilidad de nuevas tormentas para viernes, s\u00e1bado y domingo<\/strong>, por lo que recomend\u00f3 extremar cuidados.<\/p>\n<h3><strong>Recomendaciones para vecinos<\/strong><\/h3>\n<p>El director de Defensa Civil pidi\u00f3 colaboraci\u00f3n a la comunidad para <strong>mantener las cunetas despejadas<\/strong>, ya que los residuos como botellas y pl\u00e1sticos suelen generar obstrucciones. Tambi\u00e9n record\u00f3 la importancia de revisar <strong>desag\u00fces y canaletas domiciliarias<\/strong> antes de que comiencen las lluvias intensas.<\/p>\n<p>Asimismo, pidi\u00f3 precauci\u00f3n a quienes realizan actividades al aire libre, como ciclismo o deportes, ante posibles <strong>tormentas el\u00e9ctricas<\/strong>, y a los automovilistas, circular con prudencia.<\/p>\n<p>Por otro lado, Velasco se refieri\u00f3 al funcionamiento del sistema de <strong>lucha antigranizo y<\/strong> subray\u00f3 el buen desempe\u00f1o del mismo, ya que solo cay\u00f3 granizo de tama\u00f1o muy peque\u00f1o.<\/p>\n","protected":false},"excerpt":{"rendered":"<p>El director de Defensa Civil de General Alvear, Javier Velasco, brind\u00f3 detalles sobre la tormenta registrada este mi\u00e9rcoles por la tarde, &#8230;<\/p>\n","protected":false},"author":7,"featured_media":155617,"comment_status":"open","ping_status":"open","sticky":false,"template":"","format":"standard","meta":{"footnotes":""},"categories":[5,51],"tags":[],"class_list":["post-155613","post","type-post","status-publish","format-standard","has-post-thumbnail","hentry","category-actualidad","category-defensa-civil"],"_links":{"self":[{"href":"https:\/\/vinasfm.com\/noticias\/wp-json\/wp\/v2\/posts\/155613","targetHints":{"allow":["GET"]}}],"collection":[{"href":"https:\/\/vinasfm.com\/noticias\/wp-json\/wp\/v2\/posts"}],"about":[{"href":"https:\/\/vinasfm.com\/noticias\/wp-json\/wp\/v2\/types\/post"}],"author":[{"embeddable":true,"href":"https:\/\/vinasfm.com\/noticias\/wp-json\/wp\/v2\/users\/7"}],"replies":[{"embeddable":true,"href":"https:\/\/vinasfm.com\/noticias\/wp-json\/wp\/v2\/comments?post=155613"}],"version-history":[{"count":2,"href":"https:\/\/vinasfm.com\/noticias\/wp-json\/wp\/v2\/posts\/155613\/revisions"}],"predecessor-version":[{"id":155618,"href":"https:\/\/vinasfm.com\/noticias\/wp-json\/wp\/v2\/posts\/155613\/revisions\/155618"}],"wp:featuredmedia":[{"embeddable":true,"href":"https:\/\/vinasfm.com\/noticias\/wp-json\/wp\/v2\/media\/155617"}],"wp:attachment":[{"href":"https:\/\/vinasfm.com\/noticias\/wp-json\/wp\/v2\/media?parent=155613"}],"wp:term":[{"taxonomy":"category","embeddable":true,"href":"https:\/\/vinasfm.com\/noticias\/wp-json\/wp\/v2\/categories?post=155613"},{"taxonomy":"post_tag","embeddable":true,"href":"https:\/\/vinasfm.com\/noticias\/wp-json\/wp\/v2\/tags?post=155613"}],"curies":[{"name":"wp","href":"https:\/\/api.w.org\/{rel}","templated":true}]}}