{"id":155599,"date":"2025-11-27T10:16:35","date_gmt":"2025-11-27T13:16:35","guid":{"rendered":"https:\/\/vinasfm.com\/noticias\/?p=155599"},"modified":"2025-11-28T09:57:00","modified_gmt":"2025-11-28T12:57:00","slug":"hablemos-de-adopcion-el-hcd-abre-un-espacio-para-aclarar-dudas-sobre-el-proceso-de-adopcion","status":"publish","type":"post","link":"https:\/\/vinasfm.com\/noticias\/hablemos-de-adopcion-el-hcd-abre-un-espacio-para-aclarar-dudas-sobre-el-proceso-de-adopcion\/","title":{"rendered":"\u201cHABLEMOS DE ADOPCI\u00d3N\u201d: EL HCD ABRE UN ESPACIO PARA ACLARAR DUDAS SOBRE EL PROCESO DE ADOPCI\u00d3N"},"content":{"rendered":"<h4><strong><span style=\"color: #003300;\">El Concejo Deliberante de General Alvear ser\u00e1 sede este viernes 28 de noviembre a las 18:00, en el Sal\u00f3n San Mart\u00edn, de la charla \u201cHablemos de Adopci\u00f3n\u201d, una actividad que busca brindar informaci\u00f3n clara y accesible sobre el proceso adoptivo y derribar los mitos que a\u00fan rodean a esta tem\u00e1tica fundamental para las infancias.<\/span><\/strong><\/h4>\n<p>En di\u00e1logo con <span style=\"color: #993366;\"><strong>FM VI\u00d1AS<\/strong><\/span>, la concejal <span style=\"color: #003366;\"><strong>Florencia Escart\u00edn<\/strong><\/span> explic\u00f3 que la propuesta reunir\u00e1 a diversos actores e instituciones vinculados al camino hacia la adopci\u00f3n.<\/p>\n<p><em><strong>\u201cLa idea es poner sobre la mesa y desmitificar todo lo que hay detr\u00e1s del sistema de adopci\u00f3n: los organismos que intervienen, de qu\u00e9 manera una familia puede inscribirse en los registros y c\u00f3mo trabajan\u201d<\/strong><\/em>, se\u00f1al\u00f3.<\/p>\n<p>Escart\u00edn destac\u00f3 que participar\u00e1n la fiscal de Menores, la jueza de Familia, representantes del Registro de Adopci\u00f3n de San Rafael, profesionales del \u00e1rea social y familias adoptantes, quienes aportar\u00e1n una mirada integral desde lo emocional, social, t\u00e9cnico y legal.<\/p>\n<p>La edil subray\u00f3 que persisten dudas y temores frecuentes entre las familias interesadas: la burocracia, la edad de los ni\u00f1os, la situaci\u00f3n de quienes atraviesan procesos de institucionalizaci\u00f3n y las historias previas que traen consigo. <em><strong>\u201cA veces la falta de informaci\u00f3n aleja a las familias, por eso queremos acercar herramientas claras y confiables\u201d<\/strong><\/em>, expres\u00f3.<\/p>\n<p>Escart\u00edn tambi\u00e9n comparti\u00f3 su experiencia personal como mujer adoptada, remarcando la importancia del derecho a la identidad y a crecer en una familia. <strong><em>\u201cA m\u00ed me moviliza porque yo soy adoptada. Crec\u00ed sabiendo mi historia y entendiendo que siempre es el derecho del ni\u00f1o el que debe priorizarse. Trabajar por las infancias es fundamental para el futuro de nuestro departamento.\u201d<\/em><\/strong><\/p>\n<p>La concejal, que adem\u00e1s es docente y ha trabajado con infancias vulneradas, afirm\u00f3 que existe un fuerte compromiso institucional y comunitario: <strong><em>\u201cNo estamos solos; somos muchos los que estamos preocupados y ocupados en defender los derechos de las infancias\u201d.<\/em><\/strong><\/p>\n<p><a href=\"https:\/\/vinasfm.com\/noticias\/wp-content\/uploads\/2025\/11\/IMG-20251127-WA0016.jpg\"><img loading=\"lazy\" decoding=\"async\" class=\"wp-image-155598 aligncenter\" src=\"https:\/\/vinasfm.com\/noticias\/wp-content\/uploads\/2025\/11\/IMG-20251127-WA0016-819x1024.jpg\" alt=\"\" width=\"438\" height=\"547\" srcset=\"https:\/\/vinasfm.com\/noticias\/wp-content\/uploads\/2025\/11\/IMG-20251127-WA0016-819x1024.jpg 819w, https:\/\/vinasfm.com\/noticias\/wp-content\/uploads\/2025\/11\/IMG-20251127-WA0016-240x300.jpg 240w, https:\/\/vinasfm.com\/noticias\/wp-content\/uploads\/2025\/11\/IMG-20251127-WA0016-768x960.jpg 768w, https:\/\/vinasfm.com\/noticias\/wp-content\/uploads\/2025\/11\/IMG-20251127-WA0016.jpg 1024w\" sizes=\"auto, (max-width: 438px) 100vw, 438px\" \/><\/a><\/p>\n<p>Finalmente, invit\u00f3 a toda la comunidad a participar de la charla:<br \/>\n<strong>Viernes 28 de noviembre \u2013 18:00 hs \u2013 Sal\u00f3n San Mart\u00edn del HCD, General Alvear.<\/strong><\/p>\n<p>El encuentro ser\u00e1 abierto y gratuito, y busca convertirse en un espacio de acompa\u00f1amiento, orientaci\u00f3n y construcci\u00f3n colectiva en torno al derecho de los ni\u00f1os, ni\u00f1as y adolescentes a vivir en familia.<\/p>\n","protected":false},"excerpt":{"rendered":"<p>El Concejo Deliberante de General Alvear ser\u00e1 sede este viernes 28 de noviembre a las 18:00, en el Sal\u00f3n San Mart\u00edn, &#8230;<\/p>\n","protected":false},"author":7,"featured_media":155603,"comment_status":"open","ping_status":"open","sticky":false,"template":"","format":"standard","meta":{"footnotes":""},"categories":[26,11],"tags":[],"class_list":["post-155599","post","type-post","status-publish","format-standard","has-post-thumbnail","hentry","category-hcd","category-sociales"],"_links":{"self":[{"href":"https:\/\/vinasfm.com\/noticias\/wp-json\/wp\/v2\/posts\/155599","targetHints":{"allow":["GET"]}}],"collection":[{"href":"https:\/\/vinasfm.com\/noticias\/wp-json\/wp\/v2\/posts"}],"about":[{"href":"https:\/\/vinasfm.com\/noticias\/wp-json\/wp\/v2\/types\/post"}],"author":[{"embeddable":true,"href":"https:\/\/vinasfm.com\/noticias\/wp-json\/wp\/v2\/users\/7"}],"replies":[{"embeddable":true,"href":"https:\/\/vinasfm.com\/noticias\/wp-json\/wp\/v2\/comments?post=155599"}],"version-history":[{"count":3,"href":"https:\/\/vinasfm.com\/noticias\/wp-json\/wp\/v2\/posts\/155599\/revisions"}],"predecessor-version":[{"id":155602,"href":"https:\/\/vinasfm.com\/noticias\/wp-json\/wp\/v2\/posts\/155599\/revisions\/155602"}],"wp:featuredmedia":[{"embeddable":true,"href":"https:\/\/vinasfm.com\/noticias\/wp-json\/wp\/v2\/media\/155603"}],"wp:attachment":[{"href":"https:\/\/vinasfm.com\/noticias\/wp-json\/wp\/v2\/media?parent=155599"}],"wp:term":[{"taxonomy":"category","embeddable":true,"href":"https:\/\/vinasfm.com\/noticias\/wp-json\/wp\/v2\/categories?post=155599"},{"taxonomy":"post_tag","embeddable":true,"href":"https:\/\/vinasfm.com\/noticias\/wp-json\/wp\/v2\/tags?post=155599"}],"curies":[{"name":"wp","href":"https:\/\/api.w.org\/{rel}","templated":true}]}}