{"id":155594,"date":"2025-11-27T09:58:43","date_gmt":"2025-11-27T12:58:43","guid":{"rendered":"https:\/\/vinasfm.com\/noticias\/?p=155594"},"modified":"2025-11-28T09:58:59","modified_gmt":"2025-11-28T12:58:59","slug":"una-vivienda-fue-blanco-de-un-robo-en-pleno-mediodia","status":"publish","type":"post","link":"https:\/\/vinasfm.com\/noticias\/una-vivienda-fue-blanco-de-un-robo-en-pleno-mediodia\/","title":{"rendered":"UNA VIVIENDA FUE BLANCO DE UN ROBO EN PLENO MEDIOD\u00cdA"},"content":{"rendered":"<p data-start=\"76\" data-end=\"356\"><strong>Un nuevo hecho delictivo se registr\u00f3 este mi\u00e9rcoles en Alvear. Cerca de las 15:30, una mujer de 45 a\u00f1os, identificada como D. P., regres\u00f3 a su domicilio ubicado en calle Emilio Civit al 1600 y se encontr\u00f3 con la vivienda revuelta y varios elementos sustra\u00eddos.<\/strong><\/p>\n<p data-start=\"358\" data-end=\"601\">Seg\u00fan inform\u00f3 la v\u00edctima, hab\u00eda salido durante la ma\u00f1ana y dej\u00f3 la <strong data-start=\"425\" data-end=\"467\">ventana delantera de la cocina abierta<\/strong>. Al retornar, detect\u00f3 que parte del comedor estaba desordenado y constat\u00f3 el robo de diversos electrodom\u00e9sticos y objetos personales.<\/p>\n<p data-start=\"603\" data-end=\"650\">Entre los elementos sustra\u00eddos se encuentran <strong>una plancha, una plancha de pelo, una freidora de aire, una tablet, un televisor con su control remoto, un horno el\u00e9ctrico, dos perfumes y un reloj.<\/strong><\/p>\n<p data-start=\"832\" data-end=\"966\" data-is-last-node=\"\" data-is-only-node=\"\">La denuncia fue radicada y personal policial trabaja en la investigaci\u00f3n para dar con los responsables y recuperar los bienes robados.<\/p>\n","protected":false},"excerpt":{"rendered":"<p>Un nuevo hecho delictivo se registr\u00f3 este mi\u00e9rcoles en Alvear. Cerca de las 15:30, una mujer de 45 a\u00f1os, identificada como &#8230;<\/p>\n","protected":false},"author":7,"featured_media":155596,"comment_status":"open","ping_status":"open","sticky":false,"template":"","format":"standard","meta":{"footnotes":""},"categories":[201,4],"tags":[],"class_list":["post-155594","post","type-post","status-publish","format-standard","has-post-thumbnail","hentry","category-inseguridad","category-policiales"],"_links":{"self":[{"href":"https:\/\/vinasfm.com\/noticias\/wp-json\/wp\/v2\/posts\/155594","targetHints":{"allow":["GET"]}}],"collection":[{"href":"https:\/\/vinasfm.com\/noticias\/wp-json\/wp\/v2\/posts"}],"about":[{"href":"https:\/\/vinasfm.com\/noticias\/wp-json\/wp\/v2\/types\/post"}],"author":[{"embeddable":true,"href":"https:\/\/vinasfm.com\/noticias\/wp-json\/wp\/v2\/users\/7"}],"replies":[{"embeddable":true,"href":"https:\/\/vinasfm.com\/noticias\/wp-json\/wp\/v2\/comments?post=155594"}],"version-history":[{"count":2,"href":"https:\/\/vinasfm.com\/noticias\/wp-json\/wp\/v2\/posts\/155594\/revisions"}],"predecessor-version":[{"id":155597,"href":"https:\/\/vinasfm.com\/noticias\/wp-json\/wp\/v2\/posts\/155594\/revisions\/155597"}],"wp:featuredmedia":[{"embeddable":true,"href":"https:\/\/vinasfm.com\/noticias\/wp-json\/wp\/v2\/media\/155596"}],"wp:attachment":[{"href":"https:\/\/vinasfm.com\/noticias\/wp-json\/wp\/v2\/media?parent=155594"}],"wp:term":[{"taxonomy":"category","embeddable":true,"href":"https:\/\/vinasfm.com\/noticias\/wp-json\/wp\/v2\/categories?post=155594"},{"taxonomy":"post_tag","embeddable":true,"href":"https:\/\/vinasfm.com\/noticias\/wp-json\/wp\/v2\/tags?post=155594"}],"curies":[{"name":"wp","href":"https:\/\/api.w.org\/{rel}","templated":true}]}}