{"id":155584,"date":"2025-11-27T08:33:51","date_gmt":"2025-11-27T11:33:51","guid":{"rendered":"https:\/\/vinasfm.com\/noticias\/?p=155584"},"modified":"2025-11-27T10:45:55","modified_gmt":"2025-11-27T13:45:55","slug":"molero-envio-el-presupuesto-2026-al-concejo-deliberante-y-advirtio-sobre-la-critica-situacion-financiera-del-municipio","status":"publish","type":"post","link":"https:\/\/vinasfm.com\/noticias\/molero-envio-el-presupuesto-2026-al-concejo-deliberante-y-advirtio-sobre-la-critica-situacion-financiera-del-municipio\/","title":{"rendered":"MOLERO ENVI\u00d3 EL PRESUPUESTO 2026 AL CONCEJO DELIBERANTE Y ADVIRTI\u00d3 SOBRE LA CR\u00cdTICA SITUACI\u00d3N FINANCIERA DEL MUNICIPIO"},"content":{"rendered":"<h4><span style=\"color: #003300;\"><strong>En di\u00e1logo con FM VI\u00d1AS, el intendente de General Alvear, Alejandro Molero, confirm\u00f3 que el presupuesto municipal ya fue remitido al Concejo Deliberante para su tratamiento.\u00a0<\/strong><\/span><\/h4>\n<p>El jefe comunal explic\u00f3 que el proyecto contempla un <strong>incremento cercano al 20%<\/strong> respecto al presupuesto anterior, siguiendo los lineamientos establecidos por la provincia. Entre los puntos m\u00e1s relevantes, destac\u00f3 la <strong>actualizaci\u00f3n de tasas desfasadas<\/strong>, la <strong>eliminaci\u00f3n de algunos impuestos<\/strong> y una fuerte inversi\u00f3n prevista en \u00e1reas clave: <strong>m\u00e1s de 7.000 millones de pesos para obra p\u00fablica<\/strong> y otro monto equivalente destinado al <strong>acompa\u00f1amiento al sector agropecuario<\/strong>.<\/p>\n<p>Molero tambi\u00e9n valor\u00f3 el amplio consenso logrado en la Legislatura para la aprobaci\u00f3n del presupuesto provincial.<em><strong> \u201cCreo que ha sido hist\u00f3rica la jornada. En Diputados hubo un solo voto en contra y en el Senado dos o tres. En medio de la crisis, es una muestra de voluntad pol\u00edtica\u201d<\/strong><\/em>, expres\u00f3.<\/p>\n<h3><strong>Ca\u00edda de la recaudaci\u00f3n y dificultades financieras<\/strong><\/h3>\n<p>El intendente reconoci\u00f3 que la situaci\u00f3n econ\u00f3mica del municipio es delicada debido a la <strong>fuerte ca\u00edda de la coparticipaci\u00f3n<\/strong>, que implic\u00f3 p\u00e9rdidas de entre <strong>300 y 400 millones de pesos mensuales<\/strong>. Ese dinero, explic\u00f3, era utilizado para financiar obras, asfaltos y diversos mejoramientos urbanos.<\/p>\n<p>A esto se suma la baja recaudaci\u00f3n local: <em><strong>\u201cHoy, solo uno de cada diez vecinos paga las tasas municipales. Y lejos de reclamar, entendemos el enorme esfuerzo que hacen las familias para pagar los servicios que se cortan \u2014luz, gas, agua\u2014. La tasa municipal no se corta: nadie se queda sin recolecci\u00f3n, sin luminaria o sin riego por no pagar\u201d.<\/strong><\/em><\/p>\n<p>Molero se\u00f1al\u00f3 que esta situaci\u00f3n obliga al municipio a <em><strong>\u201cseguir ahorrando, agudizar el ingenio y reinventarse\u201d<\/strong><\/em> para continuar prestando servicios esenciales.<\/p>\n<h3><strong>Obras estrat\u00e9gicas en marcha y un ambicioso plan de infraestructura<\/strong><\/h3>\n<p>Consultado por los proyectos incluidos en el presupuesto y los financiamientos externos, Molero asegur\u00f3 que General Alvear tiene varias obras clave en ejecuci\u00f3n o pr\u00f3ximas a comenzar:<\/p>\n<ul>\n<li><strong>Remodelaci\u00f3n integral de la avenida principal<\/strong>, incluyendo la red troncal de cloacas (2.700 millones de pesos).<\/li>\n<li><strong>Desarrollo de la costanera del r\u00edo Atuel<\/strong>, obra valuada en unos <strong>3.000 millones<\/strong>, que contempla cuatro paradores privatizables, un parque a\u00e9reo y un parque de agua.<\/li>\n<li><strong>Obra de las nuevas piletas de tratamiento de l\u00edquidos cloacales<\/strong>, con una inversi\u00f3n de <strong>12.500 millones de pesos<\/strong>.<\/li>\n<\/ul>\n<p>El intendente afirm\u00f3 que estas obras transformar\u00e1n la infraestructura de la ciudad, aunque muchas de ellas <strong><em>\u201cquedar\u00e1n bajo tierra y dif\u00edcilmente se vean\u201d<\/em><\/strong>, en referencia a redes de gas natural y cloacas. <em><strong>\u201cSon las obras que realmente cambian la calidad de vida\u201d<\/strong><\/em>, sostuvo.<\/p>\n<h3><strong>El desaf\u00edo para los pr\u00f3ximos a\u00f1os<\/strong><\/h3>\n<p>Molero adelant\u00f3 que, de cara al futuro, el gran objetivo ser\u00e1 extender <strong>cientos de kil\u00f3metros de red de gas y cloacas<\/strong> a todos los distritos. Esto, dijo, permitir\u00e1 erradicar los pozos s\u00e9pticos, mejorar la salud p\u00fablica y evitar que las familias dependan de la garrafa: <em><strong>\u201cQueremos que los vecinos dejen de hacer cola con 10 grados bajo cero para una garrafa que apenas alcanza para cocinar\u201d.<\/strong><\/em><\/p>\n<p>Finalmente, asegur\u00f3 que la gesti\u00f3n aspira a dejar un General Alvear con mejores servicios, infraestructura y calidad de vida: <strong><em>\u201cNos queremos ir de la gesti\u00f3n habiendo garantizado eso: una casa calentita, servicios accesibles y un sistema cloacal seguro para todos los vecinos\u201d.<\/em><\/strong><\/p>\n","protected":false},"excerpt":{"rendered":"<p>En di\u00e1logo con FM VI\u00d1AS, el intendente de General Alvear, Alejandro Molero, confirm\u00f3 que el presupuesto municipal ya fue remitido al &#8230;<\/p>\n","protected":false},"author":7,"featured_media":155586,"comment_status":"open","ping_status":"open","sticky":false,"template":"","format":"standard","meta":{"footnotes":""},"categories":[1],"tags":[],"class_list":["post-155584","post","type-post","status-publish","format-standard","has-post-thumbnail","hentry","category-fmvinas"],"_links":{"self":[{"href":"https:\/\/vinasfm.com\/noticias\/wp-json\/wp\/v2\/posts\/155584","targetHints":{"allow":["GET"]}}],"collection":[{"href":"https:\/\/vinasfm.com\/noticias\/wp-json\/wp\/v2\/posts"}],"about":[{"href":"https:\/\/vinasfm.com\/noticias\/wp-json\/wp\/v2\/types\/post"}],"author":[{"embeddable":true,"href":"https:\/\/vinasfm.com\/noticias\/wp-json\/wp\/v2\/users\/7"}],"replies":[{"embeddable":true,"href":"https:\/\/vinasfm.com\/noticias\/wp-json\/wp\/v2\/comments?post=155584"}],"version-history":[{"count":3,"href":"https:\/\/vinasfm.com\/noticias\/wp-json\/wp\/v2\/posts\/155584\/revisions"}],"predecessor-version":[{"id":155605,"href":"https:\/\/vinasfm.com\/noticias\/wp-json\/wp\/v2\/posts\/155584\/revisions\/155605"}],"wp:featuredmedia":[{"embeddable":true,"href":"https:\/\/vinasfm.com\/noticias\/wp-json\/wp\/v2\/media\/155586"}],"wp:attachment":[{"href":"https:\/\/vinasfm.com\/noticias\/wp-json\/wp\/v2\/media?parent=155584"}],"wp:term":[{"taxonomy":"category","embeddable":true,"href":"https:\/\/vinasfm.com\/noticias\/wp-json\/wp\/v2\/categories?post=155584"},{"taxonomy":"post_tag","embeddable":true,"href":"https:\/\/vinasfm.com\/noticias\/wp-json\/wp\/v2\/tags?post=155584"}],"curies":[{"name":"wp","href":"https:\/\/api.w.org\/{rel}","templated":true}]}}