{"id":155575,"date":"2025-11-27T08:32:58","date_gmt":"2025-11-27T11:32:58","guid":{"rendered":"https:\/\/vinasfm.com\/noticias\/?p=155575"},"modified":"2025-11-27T10:59:19","modified_gmt":"2025-11-27T13:59:19","slug":"media-sancion-a-la-declaracion-de-impacto-ambiental-de-psj-cobre-mendocino","status":"publish","type":"post","link":"https:\/\/vinasfm.com\/noticias\/media-sancion-a-la-declaracion-de-impacto-ambiental-de-psj-cobre-mendocino\/","title":{"rendered":"MEDIA SANCI\u00d3N A LA DECLARACI\u00d3N DE IMPACTO AMBIENTAL DE PSJ COBRE MENDOCINO"},"content":{"rendered":"<h4><span style=\"color: #003300;\"><strong>PSJ, representa la primera iniciativa de cobre a mediana escala en la provincia y uno de los proyectos m\u00e1s relevantes del pa\u00eds desde Bajo de la Alumbrera. Est\u00e1 orientado a la producci\u00f3n de insumos cr\u00edticos para tecnolog\u00edas limpias y la transici\u00f3n energ\u00e9tica global.<\/strong><\/span><\/h4>\n<p>La C\u00e1mara de Diputados, por mayor\u00eda de votos, dio media sanci\u00f3n al proyecto del Poder Ejecutivo que contiene la <strong>Declaraci\u00f3n de Impacto Ambiental de PSJ Cobre Mendocino.<\/strong><\/p>\n<p>La votaci\u00f3n,<strong> result\u00f3 32 votos por la afirmativa y 13 por la negativa, del Interbloque PJ, del Partido Verde y los diputados Rolando Scanio y Jorge Difonso, de LUM.<\/strong><\/p>\n<p>Ubicado a 37 km de Uspallata y 97 km de la ciudad de Mendoza, representa la primera iniciativa de cobre a mediana escala en la provincia y uno de los proyectos m\u00e1s relevantes del pa\u00eds desde Bajo de la Alumbrera, orientado a la producci\u00f3n de insumos cr\u00edticos para tecnolog\u00edas limpias y la transici\u00f3n energ\u00e9tica global.<\/p>\n<p>En la fundamentaci\u00f3n se se\u00f1ala que en el marco del procedimiento administrativo de Evaluaci\u00f3n de Impacto Ambiental, <em><strong>\u201cse incorporaron y analizaron los correspondientes Dict\u00e1menes T\u00e9cnicos y Sectoriales, as\u00ed como el Informe Final \u00fanico elaborado por la Comisi\u00f3n Evaluadora Interdisciplinaria Ambiental Minera (C.E. I.A.M.)\u201d.<\/strong><\/em><\/p>\n<p>Dichas instancias,<em><strong> \u201csumadas a las respuestas oportunamente presentadas por el proponente, culminaron con la emisi\u00f3n del Informe T\u00e9cnico Final de la Autoridad Ambiental Minera, en el cual se plasmaron las conclusiones y opiniones de rigor respecto del Informe de Impacto Ambiental sometido a evaluaci\u00f3n\u201d<\/strong><\/em>, a\u00f1ade el texto.<\/p>\n<p>Asimismo, menciona que el procedimiento de Evaluaci\u00f3n de Impacto Ambiental se desarroll\u00f3 garantizando un <strong><em>\u201camplio y efectivo proceso de participaci\u00f3n ciudadana<\/em><\/strong>\u201d, que incluy\u00f3 consulta p\u00fablica, talleres participativos y visitas t\u00e9cnicas al proyecto minero, <em><strong>\u201ca fin de promover el acceso a la informaci\u00f3n y el intercambio directo con la comunidad\u201d.<\/strong><\/em><\/p>\n<p>Tambi\u00e9n<em><strong> \u201cse convoc\u00f3 y celebr\u00f3 la Audiencia P\u00fablica con la correspondiente difusi\u00f3n, otorg\u00e1ndose adem\u00e1s la posibilidad de efectuar presentaciones por escrito incluso con posterioridad a su realizaci\u00f3n\u201d<\/strong><\/em>, y finalmente, <strong><em>\u201cse garantiz\u00f3 la compulsa p\u00fablica de las actuaciones, poniendo a disposici\u00f3n de la ciudadan\u00eda la totalidad de la documentaci\u00f3n obrante en el procedimiento, tanto en formato f\u00edsico en la sede de la Direcci\u00f3n de Miner\u00eda, como en formato digital a trav\u00e9s de las p\u00e1ginas web oficiales de la Direcci\u00f3n de Miner\u00eda y de la Direcci\u00f3n de Gesti\u00f3n y Fiscalizaci\u00f3n Ambiental\u201d.<\/em><\/strong><\/p>\n<p>Aclara el texto que se incluye de igual forma el procedimiento de consulta previa con comunidades originarias de la zona de influencia del proyecto, <strong><em>\u201cen cumplimiento de los mismos marcos normativos\u201d.<\/em><\/strong><\/p>\n<p>En otro orden, introduce una nueva metodolog\u00eda separando las etapas del ciclo de vida del proyecto durante la construcci\u00f3n, operaci\u00f3n, y cierre y post-cierre. Adem\u00e1s de contener el expediente completo, la DIA establece un esquema estructurado sobre cinco ejes: Agua \u2013 con protecci\u00f3n estricta y monitoreo continuo -; Biodiversidad \u2013 que contempla evitar, minimizar, restaurar y compensar con planes y protocolos de protecci\u00f3n -; Patrimonio cultural y Qhapaq \u00d1an \u2013 Protecci\u00f3n reforzada -; Aire, emisiones y clima, y Participaci\u00f3n ciudadana y control social<\/p>\n<p>Tambi\u00e9n prev\u00e9 la creaci\u00f3n de la Unidad de Gesti\u00f3n Ambiental del Proyecto; un Fondo Socioambiental y de Compensaci\u00f3n ambiental, y un programa de Monitoreo participativo. Esto es, un Sistema Integrado de Monitoreo y Alerta Temprana (SIMAT) con telemetr\u00eda, c\u00e1maras, pesaje automatizado y trazabilidad de cargas, conectado al Centro de Control de la Polic\u00eda Ambiental Minera. Se incluyen protocolos s\u00edsmicos, de crecidas, derrames, incendios y contingencias contra cualquier amenaza.<\/p>\n<p>A su vez, la empresa debe implementar Programas de Integridad y Compromiso, haci\u00e9ndolo extensible a toda su cadena de contrataci\u00f3n. Como un agregado a la Declaraci\u00f3n Jurada de Buenas Pr\u00e1cticas que debe ir actualizando, el proponente deber\u00e1 ir presentando Informes de Sostenibilidad y un Protocolo de Vinculaci\u00f3n Comunitaria.<\/p>\n<p>De igual forma, entre otros aspectos, la Empresa deber\u00e1 contribuir junto al Municipio de Las Heras y actores comunitarios relevantes, a un Plan de Desarrollo Econ\u00f3mico Local que promueva la diversificaci\u00f3n de la matriz productiva de Uspallata y dem\u00e1s localidades de Alta Monta\u00f1a y garantice beneficios sostenibles m\u00e1s all\u00e1 de la vida \u00fatil del proyecto minero, como as\u00ed tambi\u00e9n, Programas de Educaci\u00f3n.<\/p>\n","protected":false},"excerpt":{"rendered":"<p>PSJ, representa la primera iniciativa de cobre a mediana escala en la provincia y uno de los proyectos m\u00e1s relevantes del &#8230;<\/p>\n","protected":false},"author":7,"featured_media":155576,"comment_status":"open","ping_status":"open","sticky":false,"template":"","format":"standard","meta":{"footnotes":""},"categories":[5,10],"tags":[],"class_list":["post-155575","post","type-post","status-publish","format-standard","has-post-thumbnail","hentry","category-actualidad","category-destacadas"],"_links":{"self":[{"href":"https:\/\/vinasfm.com\/noticias\/wp-json\/wp\/v2\/posts\/155575","targetHints":{"allow":["GET"]}}],"collection":[{"href":"https:\/\/vinasfm.com\/noticias\/wp-json\/wp\/v2\/posts"}],"about":[{"href":"https:\/\/vinasfm.com\/noticias\/wp-json\/wp\/v2\/types\/post"}],"author":[{"embeddable":true,"href":"https:\/\/vinasfm.com\/noticias\/wp-json\/wp\/v2\/users\/7"}],"replies":[{"embeddable":true,"href":"https:\/\/vinasfm.com\/noticias\/wp-json\/wp\/v2\/comments?post=155575"}],"version-history":[{"count":1,"href":"https:\/\/vinasfm.com\/noticias\/wp-json\/wp\/v2\/posts\/155575\/revisions"}],"predecessor-version":[{"id":155577,"href":"https:\/\/vinasfm.com\/noticias\/wp-json\/wp\/v2\/posts\/155575\/revisions\/155577"}],"wp:featuredmedia":[{"embeddable":true,"href":"https:\/\/vinasfm.com\/noticias\/wp-json\/wp\/v2\/media\/155576"}],"wp:attachment":[{"href":"https:\/\/vinasfm.com\/noticias\/wp-json\/wp\/v2\/media?parent=155575"}],"wp:term":[{"taxonomy":"category","embeddable":true,"href":"https:\/\/vinasfm.com\/noticias\/wp-json\/wp\/v2\/categories?post=155575"},{"taxonomy":"post_tag","embeddable":true,"href":"https:\/\/vinasfm.com\/noticias\/wp-json\/wp\/v2\/tags?post=155575"}],"curies":[{"name":"wp","href":"https:\/\/api.w.org\/{rel}","templated":true}]}}