{"id":155571,"date":"2025-11-27T07:33:49","date_gmt":"2025-11-27T10:33:49","guid":{"rendered":"https:\/\/vinasfm.com\/noticias\/?p=155571"},"modified":"2025-11-27T10:22:34","modified_gmt":"2025-11-27T13:22:34","slug":"alvear-incorporara-la-carrera-de-guardavidas-a-traves-de-la-universidad-maza","status":"publish","type":"post","link":"https:\/\/vinasfm.com\/noticias\/alvear-incorporara-la-carrera-de-guardavidas-a-traves-de-la-universidad-maza\/","title":{"rendered":"ALVEAR INCORPORAR\u00c1 LA CARRERA DE GUARDAVIDAS A TRAV\u00c9S DE LA UNIVERSIDAD MAZA"},"content":{"rendered":"<h4><span style=\"color: #003300;\"><strong>En di\u00e1logo con FM VI\u00d1AS, el director de Deportes de General Alvear, Alberto G\u00f3mez, junto a Esteban Marchase Buccella \u2014referente de la carrera de Guardavidas de la Universidad Juan Agust\u00edn Maza\u2014 anunciaron la llegada de esta nueva propuesta educativa al departamento, destacando su importancia para la seguridad acu\u00e1tica y la generaci\u00f3n de oportunidades laborales.<\/strong><\/span><\/h4>\n<p>G\u00f3mez se\u00f1al\u00f3 que la incorporaci\u00f3n de la carrera responde a<em><strong> \u201cuna necesidad\u201d<\/strong> <\/em>del departamento y que busca <em><strong>\u201cgarantizar seguridad para nuestros habitantes\u201d<\/strong><\/em>. En la jornada de hoy, Marchase brindar\u00e1 una charla abierta para informar sobre los requisitos, el plan de estudios y las posibilidades que ofrece esta formaci\u00f3n profesional.<\/p>\n<p><strong><span style=\"color: #003366;\">Marchase<\/span><\/strong> explic\u00f3 que la carrera de guardavidas de la <span style=\"color: #800080;\"><strong>Universidad Maza<\/strong><\/span> tiene una duraci\u00f3n de 12 meses, organizada en tres o cuatro trimestres. Est\u00e1 orientada a j\u00f3venes mayores de 18 a\u00f1os con secundario completo, pero tambi\u00e9n convoca a profesores, bomberos, enfermeros y p\u00fablico en general.<strong><em> \u201cIncluso quienes no tengan experiencia acu\u00e1tica pueden comenzar, porque la primera fase de la cursada contempla una instancia de adaptaci\u00f3n\u201d<\/em><\/strong>, indic\u00f3.<\/p>\n<p>El cursado es semipresencial, combinando clases te\u00f3ricas mediante aula virtual con tres est\u00edmulos presenciales en piscina: nataci\u00f3n, preparaci\u00f3n f\u00edsica y salvamento acu\u00e1tico.<em><strong> \u201cEsto permite que quienes trabajan puedan ordenar sus horarios y acceder igual a la formaci\u00f3n\u201d<\/strong><\/em>, a\u00f1adi\u00f3.<\/p>\n<p>Uno de los puntos destacados por Marchase es la validez del t\u00edtulo:<em><strong> \u201cEstamos formando guardavidas profesionales. La certificaci\u00f3n permite trabajar en toda la provincia de Mendoza, en otras provincias del pa\u00eds y, mediante apostillado internacional, tambi\u00e9n en el exterior\u201d.<\/strong><\/em><\/p>\n<p>Consultado sobre la situaci\u00f3n de las asociaciones locales de guardavidas, Marchase aclar\u00f3 que su rol es estrictamente formativo: <strong><em>\u201cReconocemos equivalencias de otras instituciones, pero lo relacionado a asociaciones ya pertenece al \u00e1mbito laboral\u201d.<\/em><\/strong><\/p>\n<p>Sobre la necesidad de regulaciones que garanticen la presencia obligatoria de guardavidas, ambos coincidieron en que es un paso clave para fortalecer la seguridad. Marchase resalt\u00f3 que <strong><em>\u201choy no deber\u00eda existir un natatorio sin guardavidas\u201d<\/em><\/strong>, recordando que los menores de 1 a 4 a\u00f1os son el grupo m\u00e1s vulnerable frente a los accidentes en piletas, seg\u00fan datos de la Organizaci\u00f3n Mundial de la Salud. En ese sentido, mencion\u00f3 como ejemplo la ordenanza recientemente aprobada en Luj\u00e1n de Cuyo, que obliga a contar con guardavidas en todos sus espejos de agua.<\/p>\n<p>Finalmente, destac\u00f3 que avanzar con una normativa similar en General Alvear ser\u00eda<em><strong> \u201cordenar y profesionalizar\u201d<\/strong><\/em> el \u00e1rea, acompa\u00f1ando la llegada de una carrera que abre nuevas oportunidades laborales y refuerza la seguridad comunitaria.<\/p>\n","protected":false},"excerpt":{"rendered":"<p>En di\u00e1logo con FM VI\u00d1AS, el director de Deportes de General Alvear, Alberto G\u00f3mez, junto a Esteban Marchase Buccella \u2014referente de &#8230;<\/p>\n","protected":false},"author":7,"featured_media":155578,"comment_status":"open","ping_status":"open","sticky":false,"template":"","format":"standard","meta":{"footnotes":""},"categories":[3,18],"tags":[],"class_list":["post-155571","post","type-post","status-publish","format-standard","has-post-thumbnail","hentry","category-deportes","category-educacion"],"_links":{"self":[{"href":"https:\/\/vinasfm.com\/noticias\/wp-json\/wp\/v2\/posts\/155571","targetHints":{"allow":["GET"]}}],"collection":[{"href":"https:\/\/vinasfm.com\/noticias\/wp-json\/wp\/v2\/posts"}],"about":[{"href":"https:\/\/vinasfm.com\/noticias\/wp-json\/wp\/v2\/types\/post"}],"author":[{"embeddable":true,"href":"https:\/\/vinasfm.com\/noticias\/wp-json\/wp\/v2\/users\/7"}],"replies":[{"embeddable":true,"href":"https:\/\/vinasfm.com\/noticias\/wp-json\/wp\/v2\/comments?post=155571"}],"version-history":[{"count":2,"href":"https:\/\/vinasfm.com\/noticias\/wp-json\/wp\/v2\/posts\/155571\/revisions"}],"predecessor-version":[{"id":155579,"href":"https:\/\/vinasfm.com\/noticias\/wp-json\/wp\/v2\/posts\/155571\/revisions\/155579"}],"wp:featuredmedia":[{"embeddable":true,"href":"https:\/\/vinasfm.com\/noticias\/wp-json\/wp\/v2\/media\/155578"}],"wp:attachment":[{"href":"https:\/\/vinasfm.com\/noticias\/wp-json\/wp\/v2\/media?parent=155571"}],"wp:term":[{"taxonomy":"category","embeddable":true,"href":"https:\/\/vinasfm.com\/noticias\/wp-json\/wp\/v2\/categories?post=155571"},{"taxonomy":"post_tag","embeddable":true,"href":"https:\/\/vinasfm.com\/noticias\/wp-json\/wp\/v2\/tags?post=155571"}],"curies":[{"name":"wp","href":"https:\/\/api.w.org\/{rel}","templated":true}]}}