{"id":155569,"date":"2025-11-27T08:28:19","date_gmt":"2025-11-27T11:28:19","guid":{"rendered":"https:\/\/vinasfm.com\/noticias\/?p=155569"},"modified":"2025-11-27T08:28:19","modified_gmt":"2025-11-27T11:28:19","slug":"el-grupo-libertador-reafirmo-su-apoyo-absoluto-a-la-ley-7722-tras-la-aprobacion-del-dia-del-proyecto-minero-san-jorge","status":"publish","type":"post","link":"https:\/\/vinasfm.com\/noticias\/el-grupo-libertador-reafirmo-su-apoyo-absoluto-a-la-ley-7722-tras-la-aprobacion-del-dia-del-proyecto-minero-san-jorge\/","title":{"rendered":"EL GRUPO LIBERTADOR REAFIRM\u00d3 SU APOYO \u201cABSOLUTO\u201d A LA LEY 7722 TRAS LA APROBACI\u00d3N DEL DIA DEL PROYECTO MINERO SAN JORGE"},"content":{"rendered":"<h4><span style=\"color: #003300;\"><strong>El Grupo Libertador emiti\u00f3 un comunicado en el que ratific\u00f3 su respaldo \u201cabsoluto\u201d a la Ley 7722, a la que calific\u00f3 como \u201cuna conquista hist\u00f3rica del pueblo mendocino en defensa del agua y del ambiente\u201d. La declaraci\u00f3n surge luego de que la Honorable C\u00e1mara de Diputados aprobara la cuestionada Declaraci\u00f3n de Impacto Ambiental (DIA) del proyecto minero San Jorge.<\/strong><\/span><\/h4>\n<p>Seg\u00fan expresaron, la votaci\u00f3n en la Legislatura vuelve a poner en debate la protecci\u00f3n del recurso h\u00eddrico en Mendoza. En ese sentido, la organizaci\u00f3n sostuvo que <em><strong>\u201cel cuidado del recurso h\u00eddrico debe seguir siendo prioridad\u201d<\/strong> <\/em>y advirti\u00f3 que no se deben habilitar iniciativas que <strong><em>\u201cpongan en riesgo el patrimonio natural\u201d.<\/em><\/strong><\/p>\n<p>El Grupo Libertador subray\u00f3 que su postura respecto a la Ley 7722 ha sido <em><strong>\u201csiempre clara, sin tribubeos ni ambig\u00fcedades\u201d<\/strong><\/em>, dejando en claro que no acompa\u00f1a modificaciones oportunistas seg\u00fan <strong><em>\u201cel clima pol\u00edtico del momento\u201d<\/em><\/strong>. Asimismo, remarcaron que la defensa del agua <em><strong>\u201cno es una bandera temporal ni negociable, sino una convicci\u00f3n\u201d.<\/strong><\/em><\/p>\n<p>En un mensaje dirigido a la comunidad alvearense, el comunicado afirma que General Alvear <em><strong>\u201cexige coherencia y responsabilidad\u201d<\/strong><\/em> y sostiene que los ciudadanos <strong><em>\u201csaben qui\u00e9nes han defendido la 7722 desde el principio y qui\u00e9nes han intentado acomodarse seg\u00fan el viento\u201d.<\/em><\/strong><\/p>\n<p>El documento concluye reafirmando que la agrupaci\u00f3n mantendr\u00e1 su compromiso con las demandas ambientales de la ciudadan\u00eda y continuar\u00e1 defendiendo la vigencia plena de la Ley 7722.<\/p>\n<h2>EL COMUNICADO<\/h2>\n<p><a href=\"https:\/\/vinasfm.com\/noticias\/wp-content\/uploads\/2025\/11\/IMG-20251126-WA0097.jpg\"><img loading=\"lazy\" decoding=\"async\" class=\"alignnone size-large wp-image-155564\" src=\"https:\/\/vinasfm.com\/noticias\/wp-content\/uploads\/2025\/11\/IMG-20251126-WA0097-724x1024.jpg\" alt=\"\" width=\"724\" height=\"1024\" srcset=\"https:\/\/vinasfm.com\/noticias\/wp-content\/uploads\/2025\/11\/IMG-20251126-WA0097-724x1024.jpg 724w, https:\/\/vinasfm.com\/noticias\/wp-content\/uploads\/2025\/11\/IMG-20251126-WA0097-212x300.jpg 212w, https:\/\/vinasfm.com\/noticias\/wp-content\/uploads\/2025\/11\/IMG-20251126-WA0097-768x1086.jpg 768w, https:\/\/vinasfm.com\/noticias\/wp-content\/uploads\/2025\/11\/IMG-20251126-WA0097.jpg 905w\" sizes=\"auto, (max-width: 724px) 100vw, 724px\" \/><\/a><\/p>\n","protected":false},"excerpt":{"rendered":"<p>El Grupo Libertador emiti\u00f3 un comunicado en el que ratific\u00f3 su respaldo \u201cabsoluto\u201d a la Ley 7722, a la que calific\u00f3 &#8230;<\/p>\n","protected":false},"author":7,"featured_media":155573,"comment_status":"open","ping_status":"open","sticky":false,"template":"","format":"standard","meta":{"footnotes":""},"categories":[1],"tags":[],"class_list":["post-155569","post","type-post","status-publish","format-standard","has-post-thumbnail","hentry","category-fmvinas"],"_links":{"self":[{"href":"https:\/\/vinasfm.com\/noticias\/wp-json\/wp\/v2\/posts\/155569","targetHints":{"allow":["GET"]}}],"collection":[{"href":"https:\/\/vinasfm.com\/noticias\/wp-json\/wp\/v2\/posts"}],"about":[{"href":"https:\/\/vinasfm.com\/noticias\/wp-json\/wp\/v2\/types\/post"}],"author":[{"embeddable":true,"href":"https:\/\/vinasfm.com\/noticias\/wp-json\/wp\/v2\/users\/7"}],"replies":[{"embeddable":true,"href":"https:\/\/vinasfm.com\/noticias\/wp-json\/wp\/v2\/comments?post=155569"}],"version-history":[{"count":2,"href":"https:\/\/vinasfm.com\/noticias\/wp-json\/wp\/v2\/posts\/155569\/revisions"}],"predecessor-version":[{"id":155574,"href":"https:\/\/vinasfm.com\/noticias\/wp-json\/wp\/v2\/posts\/155569\/revisions\/155574"}],"wp:featuredmedia":[{"embeddable":true,"href":"https:\/\/vinasfm.com\/noticias\/wp-json\/wp\/v2\/media\/155573"}],"wp:attachment":[{"href":"https:\/\/vinasfm.com\/noticias\/wp-json\/wp\/v2\/media?parent=155569"}],"wp:term":[{"taxonomy":"category","embeddable":true,"href":"https:\/\/vinasfm.com\/noticias\/wp-json\/wp\/v2\/categories?post=155569"},{"taxonomy":"post_tag","embeddable":true,"href":"https:\/\/vinasfm.com\/noticias\/wp-json\/wp\/v2\/tags?post=155569"}],"curies":[{"name":"wp","href":"https:\/\/api.w.org\/{rel}","templated":true}]}}