{"id":155488,"date":"2025-11-25T09:23:57","date_gmt":"2025-11-25T12:23:57","guid":{"rendered":"https:\/\/vinasfm.com\/noticias\/?p=155488"},"modified":"2025-11-26T08:45:01","modified_gmt":"2025-11-26T11:45:01","slug":"alvear-oeste-se-prepara-para-celebrar-su-aniversario-con-musica-tradicion-y-el-19-festival-de-la-empanada","status":"publish","type":"post","link":"https:\/\/vinasfm.com\/noticias\/alvear-oeste-se-prepara-para-celebrar-su-aniversario-con-musica-tradicion-y-el-19-festival-de-la-empanada\/","title":{"rendered":"ALVEAR OESTE SE PREPARA PARA CELEBRAR SU ANIVERSARIO CON M\u00daSICA, TRADICI\u00d3N Y EL 19\u00b0 FESTIVAL DE LA EMPANADA"},"content":{"rendered":"<h4><strong><span style=\"color: #003300;\">Alvear Oeste vive d\u00edas de intensa actividad de cara a uno de los eventos m\u00e1s esperados del a\u00f1o. En di\u00e1logo con FM VI\u00d1AS, la delegada Jimena Garc\u00eda adelant\u00f3 detalles de los preparativos para el 113\u00b0 Aniversario del distrito y del tradicional Festival de la Empanada, que se realizar\u00e1 el domingo 7 de diciembre, desde las 20:30, en la Plaza Distrital Manuel Belgrano.<\/span><\/strong><\/h4>\n<p><em><strong>\u201cEstamos a full con los preparativos. Vamos a tener un domingo y un aniversario muy lindo\u201d<\/strong><\/em>, afirm\u00f3 <span style=\"color: #003366;\"><strong>Garc\u00eda<\/strong><\/span>, quien destac\u00f3 que el equipo trabaja en la puesta a punto de los espacios verdes y en la organizaci\u00f3n del <strong>acto protocolar<\/strong>, previsto para el <strong>mi\u00e9rcoles 3 de diciembre<\/strong>, por la ma\u00f1ana.<\/p>\n<p>Garc\u00eda se mostr\u00f3 sorprendida y entusiasmada por el nivel de participaci\u00f3n de este a\u00f1o:<br \/>\n<em><strong>\u201cYa tenemos 15 inscriptos y todav\u00eda faltan algunos d\u00edas. Esto nos pone muy felices\u201d<\/strong><\/em>. Seg\u00fan coment\u00f3, la decisi\u00f3n de incorporar <strong>premios econ\u00f3micos<\/strong> desde la edici\u00f3n anterior impuls\u00f3 a muchos emprendedores gastron\u00f3micos a sumarse al concurso.<\/p>\n<p>El certamen contar\u00e1 con reglas espec\u00edficas para garantizar la transparencia:<strong> los participantes deben contar con certificado de manipulaci\u00f3n de alimentos, disponer de mesones iguales y presentar un \u00fanico pastel o empanada\u2014horneado o frito\u2014con una producci\u00f3n m\u00ednima de 50 docenas.<\/strong> El municipio aporta la vajilla y permite acompa\u00f1ar la presentaci\u00f3n con dips, ensaladas o salsas.<\/p>\n<p><img loading=\"lazy\" decoding=\"async\" class=\"aligncenter\" src=\"https:\/\/scontent.fmdz10-1.fna.fbcdn.net\/v\/t39.30808-6\/584441356_1429397532528506_2700834498332495008_n.jpg?_nc_cat=105&amp;ccb=1-7&amp;_nc_sid=833d8c&amp;_nc_eui2=AeEHlyTjRY6EYa02pQ_Jjy7ynt2w_DBY0Oue3bD8MFjQ6_YblCxk9BPv-WkLJepQ63whg3uW3wf34rdwvfzH--nM&amp;_nc_ohc=DtMbJ40_T2cQ7kNvwHqjil7&amp;_nc_oc=Adm5WmtyYahz6DUSA8QFcYxAcjrFR4Pmp13HNcsuLp-cJ_CsTPpjvgyC-Z8nHy68FJM&amp;_nc_zt=23&amp;_nc_ht=scontent.fmdz10-1.fna&amp;_nc_gid=mSVQPeC-2Hj3osSqZTJ19A&amp;oh=00_AfhJtiOQwaYKBJ0mvoyfHWfRYg0I0Q6jvxPP1aKycA9uJw&amp;oe=692B6362\" alt=\"Puede ser una imagen de una o varias personas y texto que dice &quot;FESTEJOS FESTEJOS FESTEJOS 113 ANIVERSARIO ALVEAR OESTE 19\u00b0 FESTIVALDE DE LA EMPANADA \u00a1Convocatoria abierta! SHOW EN VIVO: LA RIENDA\/ ANGELITO NIETO LA MELESCA\/ BALLET MUNICIPAL FOOD TRUK ARTESANOS DOMINGO 07 DE DICIEMBRE 20:30 HS Plaza Distrital Manuel Belgrano Veni a disfrutar de una noche llena de m\u00fasica, sabor y tradici\u00f3n. General ALVEAR Tienra de Opartunidades&quot;\" width=\"500\" height=\"625\" \/><\/p>\n<h3><strong>Shows en vivo y una plaza renovada<\/strong><\/h3>\n<p>La delegada destac\u00f3 que la plaza ser\u00e1 el escenario central de todos los festejos: \u201c<strong><em>Est\u00e1 hermosa, con mucha vegetaci\u00f3n y un espacio amplio. Es ideal para este evento\u201d.<\/em><\/strong><\/p>\n<p>Los vecinos podr\u00e1n disfrutar de una noche colmada de m\u00fasica, tradici\u00f3n y sabor, con presentaciones de <strong>La Rienda, Angelito Nieto, La Melesca, el Ballet Municipal, food trucks y artesanos.<\/strong><\/p>\n<h3><strong>Acto protocolar<\/strong><\/h3>\n<p>El <strong>mi\u00e9rcoles 3<\/strong>, a las <strong>9:00<\/strong>, se realizar\u00e1 el tradicional desayuno y el acto oficial tambi\u00e9n en la Plaza Manuel Belgrano. Garc\u00eda record\u00f3 que el <strong>lunes 8 de diciembre es feriado<\/strong>, por lo que el festival se program\u00f3 para que las familias puedan quedarse hasta tarde y disfrutar sin preocupaci\u00f3n.<\/p>\n<p><em><strong>\u201cHabr\u00e1 varias sorpresas y agasajos. Invitamos a todos los vecinos del distrito y del departamento. Pueden traer el mate y pasar una noche diferente, comiendo unas ricas empanadas\u201d<\/strong><\/em>, expres\u00f3 Garc\u00eda.<\/p>\n<p>La celebraci\u00f3n del aniversario y del Festival de la Empanada promete una jornada imperdible para toda la comunidad.<\/p>\n","protected":false},"excerpt":{"rendered":"<p>Alvear Oeste vive d\u00edas de intensa actividad de cara a uno de los eventos m\u00e1s esperados del a\u00f1o. En di\u00e1logo con &#8230;<\/p>\n","protected":false},"author":7,"featured_media":155492,"comment_status":"open","ping_status":"open","sticky":false,"template":"","format":"standard","meta":{"footnotes":""},"categories":[19,11],"tags":[],"class_list":["post-155488","post","type-post","status-publish","format-standard","has-post-thumbnail","hentry","category-cultura","category-sociales"],"_links":{"self":[{"href":"https:\/\/vinasfm.com\/noticias\/wp-json\/wp\/v2\/posts\/155488","targetHints":{"allow":["GET"]}}],"collection":[{"href":"https:\/\/vinasfm.com\/noticias\/wp-json\/wp\/v2\/posts"}],"about":[{"href":"https:\/\/vinasfm.com\/noticias\/wp-json\/wp\/v2\/types\/post"}],"author":[{"embeddable":true,"href":"https:\/\/vinasfm.com\/noticias\/wp-json\/wp\/v2\/users\/7"}],"replies":[{"embeddable":true,"href":"https:\/\/vinasfm.com\/noticias\/wp-json\/wp\/v2\/comments?post=155488"}],"version-history":[{"count":2,"href":"https:\/\/vinasfm.com\/noticias\/wp-json\/wp\/v2\/posts\/155488\/revisions"}],"predecessor-version":[{"id":155493,"href":"https:\/\/vinasfm.com\/noticias\/wp-json\/wp\/v2\/posts\/155488\/revisions\/155493"}],"wp:featuredmedia":[{"embeddable":true,"href":"https:\/\/vinasfm.com\/noticias\/wp-json\/wp\/v2\/media\/155492"}],"wp:attachment":[{"href":"https:\/\/vinasfm.com\/noticias\/wp-json\/wp\/v2\/media?parent=155488"}],"wp:term":[{"taxonomy":"category","embeddable":true,"href":"https:\/\/vinasfm.com\/noticias\/wp-json\/wp\/v2\/categories?post=155488"},{"taxonomy":"post_tag","embeddable":true,"href":"https:\/\/vinasfm.com\/noticias\/wp-json\/wp\/v2\/tags?post=155488"}],"curies":[{"name":"wp","href":"https:\/\/api.w.org\/{rel}","templated":true}]}}