{"id":155486,"date":"2025-11-25T09:01:25","date_gmt":"2025-11-25T12:01:25","guid":{"rendered":"https:\/\/vinasfm.com\/noticias\/?p=155486"},"modified":"2025-11-26T08:45:17","modified_gmt":"2025-11-26T11:45:17","slug":"todo-lo-que-tenes-que-saber-sobre-las-colonias-de-verano-y-la-temporada-de-pileta-en-alvear","status":"publish","type":"post","link":"https:\/\/vinasfm.com\/noticias\/todo-lo-que-tenes-que-saber-sobre-las-colonias-de-verano-y-la-temporada-de-pileta-en-alvear\/","title":{"rendered":"TODO LO QUE TENES QUE SABER SOBRE LAS COLONIAS DE VERANO Y LA TEMPORADA DE PILETA EN ALVEAR"},"content":{"rendered":"<h4><span style=\"color: #003300;\"><strong>La Municipalidad de General Alvear ha lanzado la convocatoria para la Colonia de Verano 2025-2026 y anuncia la apertura de la Temporada de Pileta en el Polideportivo Municipal.<\/strong><\/span><\/h4>\n<p>Las inscripciones para la Colonia de Verano inician el lunes 1 de diciembre, y la colonia comenzar\u00e1 el martes 16 de diciembre. Los lugares de inscripci\u00f3n y los requisitos var\u00edan seg\u00fan la localidad:<\/p>\n<ul>\n<li><strong>Ciudad:<\/strong> inscripciones en el Polideportivo Deportistas Alvearenses <em>($12.000)<\/em>, presentar ficha completa con fotocarnet y fotocopia deDNI.<\/li>\n<li><strong>Bowen:<\/strong> inscripciones en el Polideportivo de Bowen<em> ($12.000)<\/em>, presentar ficha completa con fotocarnet y fotocopia deDNI.<\/li>\n<li><strong>San Pedro del Atuel:<\/strong> inscripciones en la Delegaci\u00f3n de Carmensa <em>(sin costo)<\/em>, presentar ficha completa con fotocarnet y fotocopia deDNI.<\/li>\n<\/ul>\n<p>El link de descarga de la ficha para todas las colonias es: <a href=\"http:\/\/coloniavacaciones.alvearmendoza.gob.ar\">coloniavacaciones.alvearmendoza.gob.ar<\/a><\/p>\n<h2>Convocatoria de Personal: Profesores y Guardavidas<\/h2>\n<p>La Direcci\u00f3n de Deportes convoca a profesionales interesados en formar parte del equipo de la Colonia de Verano:<\/p>\n<ul>\n<li>Profesores: Se convoca a estudiantes\/profesores de educaci\u00f3n f\u00edsica y docentes de nivel inicial.<\/li>\n<li>Guardavidas: Se convoca a guardavidas.<\/li>\n<\/ul>\n<p><a href=\"https:\/\/vinasfm.com\/noticias\/wp-content\/uploads\/2025\/11\/IMG-20251103-WA0115.jpg\"><img loading=\"lazy\" decoding=\"async\" class=\"alignnone  wp-image-155479\" src=\"https:\/\/vinasfm.com\/noticias\/wp-content\/uploads\/2025\/11\/IMG-20251103-WA0115-819x1024.jpg\" alt=\"\" width=\"360\" height=\"450\" srcset=\"https:\/\/vinasfm.com\/noticias\/wp-content\/uploads\/2025\/11\/IMG-20251103-WA0115-819x1024.jpg 819w, https:\/\/vinasfm.com\/noticias\/wp-content\/uploads\/2025\/11\/IMG-20251103-WA0115-240x300.jpg 240w, https:\/\/vinasfm.com\/noticias\/wp-content\/uploads\/2025\/11\/IMG-20251103-WA0115-768x960.jpg 768w, https:\/\/vinasfm.com\/noticias\/wp-content\/uploads\/2025\/11\/IMG-20251103-WA0115-1229x1536.jpg 1229w, https:\/\/vinasfm.com\/noticias\/wp-content\/uploads\/2025\/11\/IMG-20251103-WA0115.jpg 1280w\" sizes=\"auto, (max-width: 360px) 100vw, 360px\" \/><\/a> <a href=\"https:\/\/vinasfm.com\/noticias\/wp-content\/uploads\/2025\/11\/IMG-20251124-WA00051.jpg\"><img loading=\"lazy\" decoding=\"async\" class=\"alignnone  wp-image-155484\" src=\"https:\/\/vinasfm.com\/noticias\/wp-content\/uploads\/2025\/11\/IMG-20251124-WA00051-819x1024.jpg\" alt=\"\" width=\"359\" height=\"449\" srcset=\"https:\/\/vinasfm.com\/noticias\/wp-content\/uploads\/2025\/11\/IMG-20251124-WA00051-819x1024.jpg 819w, https:\/\/vinasfm.com\/noticias\/wp-content\/uploads\/2025\/11\/IMG-20251124-WA00051-240x300.jpg 240w, https:\/\/vinasfm.com\/noticias\/wp-content\/uploads\/2025\/11\/IMG-20251124-WA00051-768x960.jpg 768w, https:\/\/vinasfm.com\/noticias\/wp-content\/uploads\/2025\/11\/IMG-20251124-WA00051-1229x1536.jpg 1229w, https:\/\/vinasfm.com\/noticias\/wp-content\/uploads\/2025\/11\/IMG-20251124-WA00051.jpg 1280w\" sizes=\"auto, (max-width: 359px) 100vw, 359px\" \/><\/a><\/p>\n<p>Los interesados deben enviar su Curr\u00edculum Vitae (CV) por correo electr\u00f3nico a la siguiente direcci\u00f3n: deportes@alvearmendoza.gob.ar<\/p>\n<h3>Temporada de Pileta en el Polideportivo Municipal<\/h3>\n<p>La Temporada de Pileta dar\u00e1 inicio el martes 16 de diciembre. Los precios y la forma de sacar el carnet son los siguientes:<\/p>\n<ul>\n<li><strong>Temporada familiar (hasta 5 personas):<\/strong> $30.000 con un 50% de descuento para empleados municipales.<\/li>\n<li><strong>Temporada individual:<\/strong> $12.000<\/li>\n<li><strong>Enrada por d\u00eda:<\/strong> $1.200<\/li>\n<\/ul>\n<p>Para soliciar el carnet, los interesados deben acercarse al Polideportivo Deportistas Alvearenses a partir del lunes 1 de diciembre.<\/p>\n<p>Documentaci\u00f3n a presentar:<strong> Fotocopia de DNI, foto carnet y Bono de Sueldo (para empleados municipales que soliciten el descuento).<\/strong><a href=\"https:\/\/vinasfm.com\/noticias\/wp-content\/uploads\/2025\/11\/IMG-20251119-WA00291.jpg\"><img loading=\"lazy\" decoding=\"async\" class=\"wp-image-155480 aligncenter\" src=\"https:\/\/vinasfm.com\/noticias\/wp-content\/uploads\/2025\/11\/IMG-20251119-WA00291-819x1024.jpg\" alt=\"\" width=\"500\" height=\"625\" srcset=\"https:\/\/vinasfm.com\/noticias\/wp-content\/uploads\/2025\/11\/IMG-20251119-WA00291-819x1024.jpg 819w, https:\/\/vinasfm.com\/noticias\/wp-content\/uploads\/2025\/11\/IMG-20251119-WA00291-240x300.jpg 240w, https:\/\/vinasfm.com\/noticias\/wp-content\/uploads\/2025\/11\/IMG-20251119-WA00291-768x960.jpg 768w, https:\/\/vinasfm.com\/noticias\/wp-content\/uploads\/2025\/11\/IMG-20251119-WA00291-1229x1536.jpg 1229w, https:\/\/vinasfm.com\/noticias\/wp-content\/uploads\/2025\/11\/IMG-20251119-WA00291.jpg 1280w\" sizes=\"auto, (max-width: 500px) 100vw, 500px\" \/><\/a><\/p>\n","protected":false},"excerpt":{"rendered":"<p>La Municipalidad de General Alvear ha lanzado la convocatoria para la Colonia de Verano 2025-2026 y anuncia la apertura de la &#8230;<\/p>\n","protected":false},"author":7,"featured_media":155490,"comment_status":"open","ping_status":"open","sticky":false,"template":"","format":"standard","meta":{"footnotes":""},"categories":[5,10],"tags":[],"class_list":["post-155486","post","type-post","status-publish","format-standard","has-post-thumbnail","hentry","category-actualidad","category-destacadas"],"_links":{"self":[{"href":"https:\/\/vinasfm.com\/noticias\/wp-json\/wp\/v2\/posts\/155486","targetHints":{"allow":["GET"]}}],"collection":[{"href":"https:\/\/vinasfm.com\/noticias\/wp-json\/wp\/v2\/posts"}],"about":[{"href":"https:\/\/vinasfm.com\/noticias\/wp-json\/wp\/v2\/types\/post"}],"author":[{"embeddable":true,"href":"https:\/\/vinasfm.com\/noticias\/wp-json\/wp\/v2\/users\/7"}],"replies":[{"embeddable":true,"href":"https:\/\/vinasfm.com\/noticias\/wp-json\/wp\/v2\/comments?post=155486"}],"version-history":[{"count":2,"href":"https:\/\/vinasfm.com\/noticias\/wp-json\/wp\/v2\/posts\/155486\/revisions"}],"predecessor-version":[{"id":155491,"href":"https:\/\/vinasfm.com\/noticias\/wp-json\/wp\/v2\/posts\/155486\/revisions\/155491"}],"wp:featuredmedia":[{"embeddable":true,"href":"https:\/\/vinasfm.com\/noticias\/wp-json\/wp\/v2\/media\/155490"}],"wp:attachment":[{"href":"https:\/\/vinasfm.com\/noticias\/wp-json\/wp\/v2\/media?parent=155486"}],"wp:term":[{"taxonomy":"category","embeddable":true,"href":"https:\/\/vinasfm.com\/noticias\/wp-json\/wp\/v2\/categories?post=155486"},{"taxonomy":"post_tag","embeddable":true,"href":"https:\/\/vinasfm.com\/noticias\/wp-json\/wp\/v2\/tags?post=155486"}],"curies":[{"name":"wp","href":"https:\/\/api.w.org\/{rel}","templated":true}]}}